{"id":99254,"date":"2020-09-18T12:48:54","date_gmt":"2020-09-18T16:48:54","guid":{"rendered":"https:\/\/linitiative.ca\/International\/cameroun-un-ancien-soldat-appelle-larmee-a-ne-pas-reprimer-la-marche-du-22-septembre\/"},"modified":"2020-09-18T12:48:54","modified_gmt":"2020-09-18T16:48:54","slug":"cameroun-un-ancien-soldat-appelle-larmee-a-ne-pas-reprimer-la-marche-du-22-septembre","status":"publish","type":"post","link":"https:\/\/linitiative.ca\/International\/cameroun-un-ancien-soldat-appelle-larmee-a-ne-pas-reprimer-la-marche-du-22-septembre\/","title":{"rendered":"Cameroun : un ancien soldat appelle l\u2019arm\u00e9e \u00e0 ne pas r\u00e9primer la marche du 22 septembre"},"content":{"rendered":"<div readability=\"32\">\n<p>Publi\u00e9 le 18.09.2020 \u00e0 17h48 par JournalduCameroun.com<\/p>\n<\/div>\n<div readability=\"56\">\n<h2 class=\"c6\">Etame Augustine Assong, pr\u00e9sent\u00e9 comme un d\u00e9serteur, demande aux militaires de ne pas se tromper d\u2019ennemi.<\/h2>\n<p class=\"c7\">\u00ab\u00a0Je m\u2019adresse \u00e0 toi, policier, gendarme qui se retrouvera en face du peuple. Je voudrais te dire cher camarade que ce peuple n\u2019a rien contre toi. Ce peuple ne te demande rien. Ce peuple demande juste des comptes \u00e0 ceux-l\u00e0 m\u00eame \u00e0 qui ils ont confi\u00e9 la gestion de la chose publique\u00a0\u00bb. Ce conseil est de <strong>Etame Augustine Assong<\/strong> qui se pr\u00e9sente comme \u00ab\u00a0Le second maitre Dipl\u00f4m\u00e9 du Centre d\u2019instruction des \u00e9l\u00e8ves sous-officiers de Koutaba, deuxi\u00e8me promotion\u00a0\u00bb.<\/p>\n<p class=\"c7\">Dans une vid\u00e9o devenue rapidement virale ce 18 \u00a0septembre, le jeune soldat de la Marine nationale fait un r\u00e9quisitoire contre les pratiques mafieuses et de corruption au sein de l\u2019arm\u00e9e.<\/p>\n<p class=\"c7\">\u00ab\u00a0Parmi les r\u00e9clamations de ce peuple, toi-m\u00eame tu t\u2019y retrouves\u00a0\u00bb, conseille le jeune soldat, pr\u00e9sent\u00e9 plus tard comme un d\u00e9serteur de l\u2019arm\u00e9e par certains internautes.<\/p>\n<p class=\"c7\">De toute \u00e9vidence remont\u00e9 contre la hi\u00e9rarchie militaire du Cameroun, Etame Augustine Assong d\u00e9fonce les magouilles des officiers et officiers sup\u00e9rieurs qui prennent 60\u00a0000 Fcfa des 90\u00a0000 Fcfa des primes de la troupe.<\/p>\n<p class=\"c7\">La vie du soldat camerounais est essentiellement liquidable\u00a0\u00bb, rappelle-t-il.<\/p>\n<\/div>\n<p>Auteur: Ludovic Amara<br \/>\n<a href=\"https:\/\/www.journalducameroun.com\/cameroun-un-ancien-soldat-appelle-larmee-a-ne-pas-reprimer-la-marche-du-22-septembre-cameroun\/\">Cliquez ici pour lire l&rsquo;article depuis sa source.<\/a><\/p>\n","protected":false},"excerpt":{"rendered":"<p>Publi\u00e9 le 18.09.2020 \u00e0 17h48 par JournalduCameroun.com Etame Augustine Assong, pr\u00e9sent\u00e9 comme un d\u00e9serteur, demande aux militaires de ne pas se tromper d\u2019ennemi. \u00ab\u00a0Je m\u2019adresse \u00e0 toi, policier, gendarme qui se retrouvera en face du peuple. Je voudrais te dire cher camarade que ce peuple n\u2019a rien contre toi. Ce peuple ne te demande rien. [&hellip;]<\/p>\n","protected":false},"author":1965,"featured_media":0,"comment_status":"closed","ping_status":"closed","sticky":false,"template":"","format":"standard","meta":{"fifu_image_url":"","fifu_image_alt":"","footnotes":""},"categories":[73,82],"tags":[],"class_list":["post-99254","post","type-post","status-publish","format-standard","hentry","category-actualite","category-cameroun"],"_links":{"self":[{"href":"https:\/\/linitiative.ca\/International\/wp-json\/wp\/v2\/posts\/99254","targetHints":{"allow":["GET"]}}],"collection":[{"href":"https:\/\/linitiative.ca\/International\/wp-json\/wp\/v2\/posts"}],"about":[{"href":"https:\/\/linitiative.ca\/International\/wp-json\/wp\/v2\/types\/post"}],"author":[{"embeddable":true,"href":"https:\/\/linitiative.ca\/International\/wp-json\/wp\/v2\/users\/1965"}],"replies":[{"embeddable":true,"href":"https:\/\/linitiative.ca\/International\/wp-json\/wp\/v2\/comments?post=99254"}],"version-history":[{"count":0,"href":"https:\/\/linitiative.ca\/International\/wp-json\/wp\/v2\/posts\/99254\/revisions"}],"wp:attachment":[{"href":"https:\/\/linitiative.ca\/International\/wp-json\/wp\/v2\/media?parent=99254"}],"wp:term":[{"taxonomy":"category","embeddable":true,"href":"https:\/\/linitiative.ca\/International\/wp-json\/wp\/v2\/categories?post=99254"},{"taxonomy":"post_tag","embeddable":true,"href":"https:\/\/linitiative.ca\/International\/wp-json\/wp\/v2\/tags?post=99254"}],"curies":[{"name":"wp","href":"https:\/\/api.w.org\/{rel}","templated":true}]}}