{"id":99255,"date":"2020-09-18T15:18:02","date_gmt":"2020-09-18T19:18:02","guid":{"rendered":"https:\/\/linitiative.ca\/International\/presidentielle-ivoirienne-un-aspirant-a-la-candidature-remercie-le-conseil-constitutionnel-apres-linvalidation-de-son-dossier\/"},"modified":"2020-09-18T15:18:02","modified_gmt":"2020-09-18T19:18:02","slug":"presidentielle-ivoirienne-un-aspirant-a-la-candidature-remercie-le-conseil-constitutionnel-apres-linvalidation-de-son-dossier","status":"publish","type":"post","link":"https:\/\/linitiative.ca\/International\/presidentielle-ivoirienne-un-aspirant-a-la-candidature-remercie-le-conseil-constitutionnel-apres-linvalidation-de-son-dossier\/","title":{"rendered":"Pr\u00e9sidentielle ivoirienne: un aspirant \u00e0 la candidature remercie le Conseil constitutionnel apr\u00e8s l\u2019invalidation de son dossier"},"content":{"rendered":"<div readability=\"32\">\n<p>Publi\u00e9 le 18.09.2020 \u00e0 20h18 par APA News<\/p>\n<\/div>\n<div readability=\"68\">\n<p>Le candidat ind\u00e9pendant \u00e0 la pr\u00e9sidentielle ivoirienne Bessi M\u2019Bouke Benjamin dont la candidature a \u00e9t\u00e9 invalid\u00e9e lundi dernier par le Conseil constitutionnel, a dit jeudi \u00e0 Abidjan, \u00ab s\u2019aligner \u00e0 cette d\u00e9cision \u00bb remerciant le juge constitutionnel ivoirien.\u00ab En tant que citoyen respectueux des symboles de l\u2019\u00c9tat et donc de ses institutions, je prends acte et je m\u2019aligne \u00e0 cette d\u00e9cision. Je puis vous dire que nous tombons les armes \u00e0 la main. Tout en reconnaissant la diligence avec laquelle les dossiers de candidature ont \u00e9t\u00e9 trait\u00e9s, je voudrais marquer un point d\u2019honneur \u00e0 remercier la Commission ind\u00e9pendante et le conseil constitutionnel \u00bb, a affirm\u00e9 M. Bessi dans une conf\u00e9rence de presse.<\/p>\n<p>\u00a0Analysant cette invalidation de sa candidature, il a estim\u00e9 que \u00ab l\u2019\u00e9chec d\u2019aujourd\u2019hui pr\u00e9pare la victoire de demain\u00bb. \u00abJe ne donnerai aucune consigne de vote \u00e0 mes partisans\u2026 Je ne me retrouve pas dans une opposition. Je suis un ind\u00e9pendant \u00bb, a pr\u00e9cis\u00e9 M. Bessi.<\/p>\n<p>\u00a0Le Conseil constitutionnel ivoirien a invalid\u00e9 la candidature de M. Bessi, qui est cadre du secteur priv\u00e9 ivoirien, \u00a0estimant qu\u2019il a produit un certificat de r\u00e9gime fiscal et une attestation de situation fiscale sign\u00e9s par le receveur des imp\u00f4ts en lieu et place de l\u2019attestation de r\u00e9gularit\u00e9 fiscale sign\u00e9e par le directeur g\u00e9n\u00e9ral des imp\u00f4ts.<\/p>\n<p>\u00a0Lundi dernier, le Conseil constitutionnel ivoirien a rendu public \u00a0la liste des candidats retenus \u00e0 l\u2019\u00e9lection pr\u00e9sidentielle du 31 octobre 2020, d\u00e9clarant \u00e9ligibles quatre candidats sur 44, notamment Alassane Ouattara, Affi N\u2019Guessan, Kouadio Konan Bertin dit KKB \u00a0et Henri Konan B\u00e9di\u00e9.<\/p>\n<p>Hormis M. Bessi, la plupart des candidats recal\u00e9s \u00e0 cette \u00e9lection comme Guillaume Soro et Mabri Toikeusse ont unanimement condamn\u00e9 cette d\u00e9cision du Conseil constitutionnel d\u00e9non\u00e7ant une \u00abforfaiture \u00bb. La pr\u00e9sidentielle ivoirienne est constitutionnellement pr\u00e9vue le 31 octobre prochain.<\/p>\n<\/div>\n<p>Auteur: APA News<br \/>\n<a href=\"https:\/\/www.journalducameroun.com\/presidentielle-ivoirienne-un-aspirant-a-la-candidature-remercie-le-conseil-constitutionnel-apres-linvalidation-de-son-dossier\/\">Cliquez ici pour lire l&rsquo;article depuis sa source.<\/a><\/p>\n","protected":false},"excerpt":{"rendered":"<p>Publi\u00e9 le 18.09.2020 \u00e0 20h18 par APA News Le candidat ind\u00e9pendant \u00e0 la pr\u00e9sidentielle ivoirienne Bessi M\u2019Bouke Benjamin dont la candidature a \u00e9t\u00e9 invalid\u00e9e lundi dernier par le Conseil constitutionnel, a dit jeudi \u00e0 Abidjan, \u00ab s\u2019aligner \u00e0 cette d\u00e9cision \u00bb remerciant le juge constitutionnel ivoirien.\u00ab En tant que citoyen respectueux des symboles de l\u2019\u00c9tat [&hellip;]<\/p>\n","protected":false},"author":1965,"featured_media":0,"comment_status":"closed","ping_status":"closed","sticky":false,"template":"","format":"standard","meta":{"fifu_image_url":"","fifu_image_alt":"","footnotes":""},"categories":[73,82],"tags":[],"class_list":["post-99255","post","type-post","status-publish","format-standard","hentry","category-actualite","category-cameroun"],"_links":{"self":[{"href":"https:\/\/linitiative.ca\/International\/wp-json\/wp\/v2\/posts\/99255","targetHints":{"allow":["GET"]}}],"collection":[{"href":"https:\/\/linitiative.ca\/International\/wp-json\/wp\/v2\/posts"}],"about":[{"href":"https:\/\/linitiative.ca\/International\/wp-json\/wp\/v2\/types\/post"}],"author":[{"embeddable":true,"href":"https:\/\/linitiative.ca\/International\/wp-json\/wp\/v2\/users\/1965"}],"replies":[{"embeddable":true,"href":"https:\/\/linitiative.ca\/International\/wp-json\/wp\/v2\/comments?post=99255"}],"version-history":[{"count":0,"href":"https:\/\/linitiative.ca\/International\/wp-json\/wp\/v2\/posts\/99255\/revisions"}],"wp:attachment":[{"href":"https:\/\/linitiative.ca\/International\/wp-json\/wp\/v2\/media?parent=99255"}],"wp:term":[{"taxonomy":"category","embeddable":true,"href":"https:\/\/linitiative.ca\/International\/wp-json\/wp\/v2\/categories?post=99255"},{"taxonomy":"post_tag","embeddable":true,"href":"https:\/\/linitiative.ca\/International\/wp-json\/wp\/v2\/tags?post=99255"}],"curies":[{"name":"wp","href":"https:\/\/api.w.org\/{rel}","templated":true}]}}