{"id":99256,"date":"2020-09-18T15:18:06","date_gmt":"2020-09-18T19:18:06","guid":{"rendered":"https:\/\/linitiative.ca\/International\/cote-divoire-covid-19-des-journalistes-formes-sur-la-couverture-mediatique-de-la-crise-sanitaire\/"},"modified":"2020-09-18T15:18:06","modified_gmt":"2020-09-18T19:18:06","slug":"cote-divoire-covid-19-des-journalistes-formes-sur-la-couverture-mediatique-de-la-crise-sanitaire","status":"publish","type":"post","link":"https:\/\/linitiative.ca\/International\/cote-divoire-covid-19-des-journalistes-formes-sur-la-couverture-mediatique-de-la-crise-sanitaire\/","title":{"rendered":"C\u00f4te d\u2019Ivoire\/Covid-19 : des journalistes form\u00e9s sur la couverture m\u00e9diatique de la crise sanitaire"},"content":{"rendered":"<div readability=\"32\">\n<p>Publi\u00e9 le 18.09.2020 \u00e0 20h18 par APA News<\/p>\n<\/div>\n<div readability=\"100\">\n<p>A l\u2019initiative de l\u2019Association des journalistes scientifiques et de d\u00e9veloppement de C\u00f4te d\u2019Ivoire avec l\u2019appui de ses partenaires dont Breakthrough Action, des journalistes ivoiriens ont \u00e9t\u00e9 form\u00e9s vendredi \u00e0 Abidjan sur la couverture m\u00e9diatique de la crise sanitaire de la Covid-19, a constat\u00e9 APA sur place.Deux communications ont meubl\u00e9 cet atelier de renforcement des capacit\u00e9s. La premi\u00e8re prononc\u00e9e par Dr Agb\u00e9 Narcisse, un \u00e9pid\u00e9miologiste et consultant \u00e0 l\u2019Organisation mondiale de la sant\u00e9 ( OMS), \u00a0a port\u00e9 sur la situation \u00e9pid\u00e9miologique de la pand\u00e9mie de la Covid-19.<\/p>\n<p>A cette occasion, Dr Agb\u00e9 a instruit les journalistes sur les origines de la Covid-19 et la situation de cette maladie dans le monde et particuli\u00e8rement en C\u00f4te d\u2019Ivoire.<\/p>\n<p>\u00ab Le Coronavirus a fait son apparition le 17 novembre 2019 \u00a0dans la province de Hubei, plus pr\u00e9cis\u00e9ment dans la ville de Wuhan en Chine. Le 30 janvier 2020, l\u2019OMS a d\u00e9clar\u00e9 cette maladie comme urgence de sant\u00e9 publique de port\u00e9e internationale. A la date du 14 septembre 2020, les cinq pays les plus contamin\u00e9s sont les \u00c9tats-Unis, l\u2019Inde, le Br\u00e9sil, le Br\u00e9sil et le P\u00e9rou \u00bb, a indiqu\u00e9 l\u2019\u00e9pid\u00e9miologiste \u00e0 l\u2019entame de son expos\u00e9.<\/p>\n<p>Poursuivant, il a soulign\u00e9 qu\u2019\u00e0 ce jour, il n\u2019y a pas de traitement sp\u00e9cifique curatif soulignant cependant que des recherches sont en cours pour trouver un vaccin. En ce qui concerne, la situation de la maladie dans le monde, il a not\u00e9 de fa\u00e7on g\u00e9n\u00e9rale une relative ma\u00eetrise de la pand\u00e9mie.<\/p>\n<p>En Afrique, Dr Agb\u00e9 s\u2019est f\u00e9licit\u00e9 de ce que le nombre total de cas et la mortalit\u00e9 continuent de d\u00e9cro\u00eetre. En C\u00f4te d\u2019Ivoire, il s\u2019est satisfait \u00e9galement de la d\u00e9croissance des cas de contamination et du taux de l\u00e9talit\u00e9 qui demeure faible (0,6%).<\/p>\n<p>\u00a0Toutefois, il s\u2019est inqui\u00e9t\u00e9 des cas de contamination qui se multiplient dans plusieurs villes de l\u2019int\u00e9rieur de la C\u00f4te d\u2019Ivoire, notamment Bouak\u00e9, San-P\u00e9dro et Grand-Bassam. Quant \u00e0 Mamadou Traor\u00e9, le pr\u00e9sident de l\u2019Association \u00a0des journalistes scientifiques et de d\u00e9veloppement de C\u00f4te d\u2019Ivoire, il a rappel\u00e9, \u00a0dans une pr\u00e9sentation, \u00e0 ses confr\u00e8res les r\u00e8gles professionnelles \u00e0 respecter pour une meilleure couverture m\u00e9diatique de la crise de la Covid-19.<\/p>\n<p>Il a, \u00a0par ailleurs, appel\u00e9 les journalistes \u00e0 se rapprocher de la communaut\u00e9 scientifique pour produire des articles cr\u00e9dibles dans le domaine de la science. Pour lutter contre la propagation de la maladie \u00e0 Covid-19, la C\u00f4te d\u2019Ivoire a \u00e9labor\u00e9 un plan national de riposte d\u2019un montant de 95 milliards FCFA.<\/p>\n<p>Les autorit\u00e9s sanitaires ivoiriennes ont mis \u00a0\u00e9galement un point d\u2019honneur \u00e0 la sensibilisation pour le respect des mesures barri\u00e8res contre cette maladie. Notamment, la distanciation physique de un m\u00e8tre, le port du cache-nez, le lavage des mains avec de l\u2019eau et du savon et l\u2019usage du gel hydroalcoolique. A ce jour, la C\u00f4te d\u2019Ivoire compte 19 200 cas confirm\u00e9s de maladie \u00e0 Covid-19 dont 18 392 personnes gu\u00e9ries et \u00a0120 d\u00e9c\u00e8s.<\/p>\n<\/div>\n<p>Auteur: APA News<br \/>\n<a href=\"https:\/\/www.journalducameroun.com\/cote-divoire-covid-19-des-journalistes-formes-sur-la-couverture-mediatique-de-la-crise-sanitaire\/\">Cliquez ici pour lire l&rsquo;article depuis sa source.<\/a><\/p>\n","protected":false},"excerpt":{"rendered":"<p>Publi\u00e9 le 18.09.2020 \u00e0 20h18 par APA News A l\u2019initiative de l\u2019Association des journalistes scientifiques et de d\u00e9veloppement de C\u00f4te d\u2019Ivoire avec l\u2019appui de ses partenaires dont Breakthrough Action, des journalistes ivoiriens ont \u00e9t\u00e9 form\u00e9s vendredi \u00e0 Abidjan sur la couverture m\u00e9diatique de la crise sanitaire de la Covid-19, a constat\u00e9 APA sur place.Deux communications [&hellip;]<\/p>\n","protected":false},"author":1965,"featured_media":0,"comment_status":"closed","ping_status":"closed","sticky":false,"template":"","format":"standard","meta":{"fifu_image_url":"","fifu_image_alt":"","footnotes":""},"categories":[73,82],"tags":[],"class_list":["post-99256","post","type-post","status-publish","format-standard","hentry","category-actualite","category-cameroun"],"_links":{"self":[{"href":"https:\/\/linitiative.ca\/International\/wp-json\/wp\/v2\/posts\/99256","targetHints":{"allow":["GET"]}}],"collection":[{"href":"https:\/\/linitiative.ca\/International\/wp-json\/wp\/v2\/posts"}],"about":[{"href":"https:\/\/linitiative.ca\/International\/wp-json\/wp\/v2\/types\/post"}],"author":[{"embeddable":true,"href":"https:\/\/linitiative.ca\/International\/wp-json\/wp\/v2\/users\/1965"}],"replies":[{"embeddable":true,"href":"https:\/\/linitiative.ca\/International\/wp-json\/wp\/v2\/comments?post=99256"}],"version-history":[{"count":0,"href":"https:\/\/linitiative.ca\/International\/wp-json\/wp\/v2\/posts\/99256\/revisions"}],"wp:attachment":[{"href":"https:\/\/linitiative.ca\/International\/wp-json\/wp\/v2\/media?parent=99256"}],"wp:term":[{"taxonomy":"category","embeddable":true,"href":"https:\/\/linitiative.ca\/International\/wp-json\/wp\/v2\/categories?post=99256"},{"taxonomy":"post_tag","embeddable":true,"href":"https:\/\/linitiative.ca\/International\/wp-json\/wp\/v2\/tags?post=99256"}],"curies":[{"name":"wp","href":"https:\/\/api.w.org\/{rel}","templated":true}]}}