{"id":99258,"date":"2020-09-18T05:02:00","date_gmt":"2020-09-18T09:02:00","guid":{"rendered":"https:\/\/linitiative.ca\/International\/la-sic-affiche-un-resultat-net-de-701-millions-de-f-cfa-en-2019\/"},"modified":"2020-09-18T05:02:00","modified_gmt":"2020-09-18T09:02:00","slug":"la-sic-affiche-un-resultat-net-de-701-millions-de-f-cfa-en-2019","status":"publish","type":"post","link":"https:\/\/linitiative.ca\/International\/la-sic-affiche-un-resultat-net-de-701-millions-de-f-cfa-en-2019\/","title":{"rendered":"La sic affiche un r\u00e9sultat net de 701 millions  de F CFA en 2019"},"content":{"rendered":"<p>Pr\u00e9vue pour le 29 septembre prochain, l\u2019Assembl\u00e9e g\u00e9n\u00e9rale extraordinaire convoqu\u00e9e par le Conseil d\u2019administration de la Soci\u00e9t\u00e9 immobili\u00e8re du Cameroun (SIC) annonce une possibilit\u00e9 d\u2019augmentation du capital. Du moins c\u2019est entre autres l\u2019un des points inscrits \u00e0 l\u2019ordre du jour comme le stipule l\u2019avis de convocation. De bonnes sources, cette augmentation se fera par \u00ab\u00a0incorporation du r\u00e9sultat de l\u2019\u00e9cart de r\u00e9\u00e9valuation des immobilisations et des fonds de recapitalisation du contrat-plan\u00a0\u00bb.\u00a0\u00a0Autre point \u00e0 l\u2019ordre du jour, c\u2019est la modification des statuts de la soci\u00e9t\u00e9, la cr\u00e9ation d\u2019une filiale, et l\u2019examen des projets de r\u00e9solution. Avant d\u2019y arriver, le conseil d\u2019administration pr\u00e9voit d\u2019examiner au pr\u00e9alable les rapports de gestion des \u00e9tats financiers de synth\u00e8se de l\u2019ann\u00e9e 2019 et aussi 2018 afin de fixer ses objectifs pour l\u2019exercice de l\u2019ann\u00e9e en cours.<\/p>\n<p><strong>Vision strat\u00e9gique<\/strong><\/p>\n<p>La mutation annonc\u00e9e plus haut rentre dans le cadre de la vision strat\u00e9gique du directeur g\u00e9n\u00e9ral Ahmadou Sardaouna, visant \u00e0 faire de la Sic, un outils de production en masse de logement. Celle est articul\u00e9e autour de 4 axes strat\u00e9giques que sont l\u2019am\u00e9lioration de la gouvernance dans la production immobili\u00e8re en priorisant le d\u00e9veloppement durable, le d\u00e9veloppement de l\u2019industrie du logement et les nouvelles technologies pour une production de 10\u00a0000 logements de hauts standing danqs les noyaux centraux, la production de 30\u00a0000 logements dans les p\u00e9riph\u00e9ries de la ville \u00e0 partir des revenus issues de la commercialisation des logements hauts standing et la r\u00e9habilitation du patrimoine immobilier de la Sic.<\/p>\n<p><strong>Lire aussi<\/strong> : <a href=\"https:\/\/ecomatin.net\/la-sic-veut-mobiliser-150-milliards-pour-construire-3-000-logements\/\">La Sic veut mobiliser 150 milliards pour construire 3000 logements<\/a><\/p>\n<p>Un programme fort ambitieux, qui remet au go\u00fbt du jour la probl\u00e9matique\u00a0\u00a0de logements au Cameroun.\u00a0Les mauvaises conditions de vie des populations \u00e0 faible\u00a0\u00a0du pouvoir d\u2019achat entrainant la pr\u00e9pond\u00e9rance d\u2019habitations anarchiques. Cet \u00e9tat de chose peut \u00e9galement \u00eatre \u00e0 l\u2019origine difficult\u00e9 d\u2019acc\u00e8s aux services sociaux de base\u00a0\u00a0traduisant bien la faiblesse de leur productivit\u00e9 certainement aggrav\u00e9e de la croissance d\u00e9mographique rapide et la crise \u00e9conomique. La\u00a0\u00a0sic\u00a0\u00a0s\u2019est donc\u00a0\u00a0engag\u00e9 dans\u00a0\u00a0ce vaste projet alors que le Comit\u00e9 technique de r\u00e9habilitation des entreprises publiques et parapubliques(Ctr) estimait que celle-ci \u00e9tait une soci\u00e9t\u00e9 \u00e0 risque du fait de ses r\u00e9sultats d\u00e9ficitaires.\u00a0\u00ab\u2009<em>Si les r\u00e9sultats n\u00e9gatifs s\u2019accumulent au rythme observ\u00e9, l\u2019\u00c9tat sera emmen\u00e9 \u00e0 proc\u00e9der \u00e0 la recapitalisation de la SIC ou tout au moins \u00e0 compenser les effets n\u00e9gatifs de l\u2019homologation des prix \u00e0 travers des subventions, afin de maintenir l\u2019\u00e9quilibre de l\u2019exploitation. Dans le cas contraire, l\u2019\u00c9tat devra soit proc\u00e9der \u00e0 la dissolution de la SIC, soit au rel\u00e8vement des loyers de mani\u00e8re \u00e0 couvrir les charges de fonctionnement et de faire face \u00e0 ses engagements financiers, ainsi qu\u2019\u00e0 son d\u00e9veloppement<\/em><em>\u2009<\/em>\u00bb, avait alors recommand\u00e9 le CTR pour sauver la SIC.<\/p>\n<p><strong>Performances<\/strong><\/p>\n<p>Il importe de rappeler que la Sic a tenu, le 14 septembre dernier, la 216<sup>\u00e8me<\/sup>\u00a0session de son conseil d\u2019administration. Pr\u00e9sid\u00e9e par C\u00e9lestine Ketcha Court\u00e8s, pr\u00e9sidente dudit conseil, cette session avait pour point culminant l\u2019examen et l\u2019arr\u00eat des \u00e9tats financiers de de l\u2019exercice clos au 31 d\u00e9cembre 2019. Il en ressort qu\u2019au cours de la p\u00e9riode sous revue, la Sic, bras s\u00e9culier de l\u2019Etat en mati\u00e8re de logement social, affiche un bilan de 135,691 milliards de F CFA contre 107,722 millions en 2018, soit une augmentation de 27,9 milliards de F CFA. Embellie \u00e9galement au niveau du r\u00e9sultat net, apr\u00e8s trois ann\u00e9es de d\u00e9ficit. Celui-ci s\u2019est situ\u00e9 \u00e0 701\u00a0163\u00a0635 F CFA contre -4,05 milliards en 208 et -3,6 milliards en 2017. S\u2019agissant de la tr\u00e9sorerie nette de la Sic, elle s\u2019est \u00e9tablie \u00e0 1\u00a0318\u00a0827\u00a0030 F CFA contre 510\u00a0397\u00a0538 F CFA.<\/p>\n<p><strong>Lire aussi<\/strong> : <a href=\"https:\/\/ecomatin.net\/scandale-des-sous-locations-a-la-sic-le-dg-lance-loperation-de-comptage-des-locataires\/\">Scandale des sous locations \u00e0 la Sic\u00a0: le Dg lance l\u2019op\u00e9ration de comptage des locataires<\/a><\/p>\n<div class=\"awac-wrapper awac widget posts-list-widget-11\">\n<h4 class=\"widget-title\">Le plus r\u00e9cent<\/h4>\n<\/div>\n<p>Auteur: Eco Matin<br \/>\n<a href=\"https:\/\/ecomatin.net\/la-sic-affiche-un-resultat-net-de-701-millions-de-f-cfa-en-2019\/\">Cliquez ici pour lire l&rsquo;article depuis sa source.<\/a><\/p>\n","protected":false},"excerpt":{"rendered":"<p>Pr\u00e9vue pour le 29 septembre prochain, l\u2019Assembl\u00e9e g\u00e9n\u00e9rale extraordinaire convoqu\u00e9e par le Conseil d\u2019administration de la Soci\u00e9t\u00e9 immobili\u00e8re du Cameroun (SIC) annonce une possibilit\u00e9 d\u2019augmentation du capital. Du moins c\u2019est entre autres l\u2019un des points inscrits \u00e0 l\u2019ordre du jour comme le stipule l\u2019avis de convocation. De bonnes sources, cette augmentation se fera par \u00ab\u00a0incorporation [&hellip;]<\/p>\n","protected":false},"author":1969,"featured_media":0,"comment_status":"closed","ping_status":"closed","sticky":false,"template":"","format":"standard","meta":{"fifu_image_url":"","fifu_image_alt":"","footnotes":""},"categories":[82,78],"tags":[],"class_list":["post-99258","post","type-post","status-publish","format-standard","hentry","category-cameroun","category-economie"],"_links":{"self":[{"href":"https:\/\/linitiative.ca\/International\/wp-json\/wp\/v2\/posts\/99258","targetHints":{"allow":["GET"]}}],"collection":[{"href":"https:\/\/linitiative.ca\/International\/wp-json\/wp\/v2\/posts"}],"about":[{"href":"https:\/\/linitiative.ca\/International\/wp-json\/wp\/v2\/types\/post"}],"author":[{"embeddable":true,"href":"https:\/\/linitiative.ca\/International\/wp-json\/wp\/v2\/users\/1969"}],"replies":[{"embeddable":true,"href":"https:\/\/linitiative.ca\/International\/wp-json\/wp\/v2\/comments?post=99258"}],"version-history":[{"count":0,"href":"https:\/\/linitiative.ca\/International\/wp-json\/wp\/v2\/posts\/99258\/revisions"}],"wp:attachment":[{"href":"https:\/\/linitiative.ca\/International\/wp-json\/wp\/v2\/media?parent=99258"}],"wp:term":[{"taxonomy":"category","embeddable":true,"href":"https:\/\/linitiative.ca\/International\/wp-json\/wp\/v2\/categories?post=99258"},{"taxonomy":"post_tag","embeddable":true,"href":"https:\/\/linitiative.ca\/International\/wp-json\/wp\/v2\/tags?post=99258"}],"curies":[{"name":"wp","href":"https:\/\/api.w.org\/{rel}","templated":true}]}}