{"id":99259,"date":"2020-09-18T13:12:15","date_gmt":"2020-09-18T17:12:15","guid":{"rendered":"https:\/\/linitiative.ca\/International\/le-consortium-incm-augentic-gagne-le-marche-de-la-production-des-passeports\/"},"modified":"2020-09-18T13:12:15","modified_gmt":"2020-09-18T17:12:15","slug":"le-consortium-incm-augentic-gagne-le-marche-de-la-production-des-passeports","status":"publish","type":"post","link":"https:\/\/linitiative.ca\/International\/le-consortium-incm-augentic-gagne-le-marche-de-la-production-des-passeports\/","title":{"rendered":"Le Consortium Incm-Augentic gagne le march\u00e9 de la production des passeports"},"content":{"rendered":"<p>Le contrat pour la mise en place d\u2019un nouveau syst\u00e8me de production des documents de voyage internationaux a \u00e9t\u00e9 sign\u00e9 le 17 septembre 2020, entre le D\u00e9l\u00e9gu\u00e9 g\u00e9n\u00e9rale \u00e0 la s\u00fbret\u00e9 nationale (Dgsn) Martin Mbarga Nguele, pour le compte du Cameroun et le consortium Incm-Augentic, entreprise allemande repr\u00e9sent\u00e9e ici par son Pr\u00e9sident directeur g\u00e9n\u00e9ral (PDG) Labinot Carreti. En vertue de ce contrat, l\u2019entreprise devra produire et fournir des passeports biom\u00e9triques en 24h, digitaliser le syst\u00e8me d\u2019\u00e9tablissement des passeports au Cameroun, l\u2019impression au jet d\u2019encre laser. A cela s\u2019ajoute aussi la mise sur pied d\u2019un centre ultra-moderne s\u00e9curis\u00e9 de personnalisation des passeports \u00e0 Yaound\u00e9, la cr\u00e9ation de centre d\u2019accueil pour les citoyens dans les villes de Douala et les autres r\u00e9gions du pays.<\/p>\n<p><strong>Lire aussi<\/strong> : <a href=\"https:\/\/ecomatin.net\/lutte-contre-linsecurite-la-police-renforce-son-systeme-de-video-surveillance\/\">Lutte contre l\u2019ins\u00e9curit\u00e9 la police renforce son syst\u00e8me de vid\u00e9o-surveillance<\/a><\/p>\n<p>D\u00e9sormais, toutes les proc\u00e9dures d\u2019obtention de visas se feront ligne. \u00ab\u00a0<em>Gr\u00e2ce \u00e0 ce projet, les probl\u00e8mes de passeport ne seront bient\u00f4t plus que de lointains\u00a0 souvenirs. Car tout se fera en ligne et dans de brefs d\u00e9lais. Nous saluons ainsi cet apport qui permet au Cameroun d\u2019\u00eatre parmi les meilleurs et souhaitons que ce projet soit rapidement mis en place<\/em>\u00a0\u00bb a indiqu\u00e9 Martin Mbarga Nguele.<\/p>\n<p>Du c\u00f4t\u00e9 allemand, l\u2019on est pr\u00eat pour d\u00e9marrer les diff\u00e9rents chantiers \u00e0 venir. \u00ab\u00a0<em>Nos \u00e9quipes sont pr\u00eates. J\u2019ai vu les v\u00f4tres\u00a0 le sont aussi. Tr\u00e8s bient\u00f4t on va poser la premi\u00e8re pierre du b\u00e2timent de Yaound\u00e9. Ceci au b\u00e9n\u00e9fice des citoyens Camerounais et de ce merveilleux pays qu\u2019est le Cameroun<\/em>\u00a0\u00bb, souligne Labinot Carreti.<\/p>\n<p><strong>Lire aussi<\/strong> : <a href=\"https:\/\/ecomatin.net\/insecurite-yaounde-sous-haute-surveillance\/\">Ins\u00e9curit\u00e9\u00a0: Yaound\u00e9 sous haute surveillance<\/a><\/p>\n<p>Le contrat sign\u00e9 le jeudi 17 septembre, entre les deux parties permettra de r\u00e9duire ainsi toutes les multiples plaintes qui sont souvent li\u00e9es \u00e0 l\u2019obtention du passeport au Cameroun. Notamment la longue attente; le co\u00fbt \u00e9lev\u00e9 de la production de ce dernier, aupr\u00e8s des facilitateurs qui s\u2019\u00e9tablissait en fonction des besoins et de l\u2019urgence. Ici, le prix fix\u00e9 \u00e0 75\u00a0000 FCFA pour obtenir un passeport pouvait grimper jusqu\u2019\u00e0 pr\u00e8s de 300\u00a0000 FCFA.<\/p>\n<p>S\u2019agissant du nouveau fabricant, il est sp\u00e9cialis\u00e9 dans la fourniture des solutions technologiques appropri\u00e9es tout en \u00e9quilibrant les besoins de s\u00e9curit\u00e9 et de libert\u00e9. Il fournit \u00e0 ses clients des services que sont\u00a0: des solutions d\u2019identit\u00e9s, des devises num\u00e9riques et des technologies biom\u00e9trique \u00e0 la pointe de la technologie et hautement s\u00e9curis\u00e9es pour leurs pays. Son PDG actuel, Labinot Carreti dirige alors cette entreprise depuis le 1<sup>er<\/sup> avril 2020. Ce dernier qui rev\u00eat d\u2019une exp\u00e9rience de plus de 15 ans dans les industries li\u00e9es au gouvernement. Il a alors pour mission au sein d\u2019Augentic de mettre sur pied une organisation de partenariats assurant une croissance continue et rentable.<\/p>\n<p><strong>Lire aussi<\/strong> : <a href=\"https:\/\/ecomatin.net\/cybercriminalite-la-reponse-du-gouvernement-au-scanner\/\">Cybercriminalit\u00e9\u00a0: la r\u00e9ponse du gouvernement au scanner<\/a><\/p>\n<div class=\"awac-wrapper awac widget posts-list-widget-11\">\n<h4 class=\"widget-title\">Le plus r\u00e9cent<\/h4>\n<\/div>\n<p>Auteur: Eco Matin<br \/>\n<a href=\"https:\/\/ecomatin.net\/le-consortium-incm-augentic-gagne-le-marche-de-la-production-des-passeports\/\">Cliquez ici pour lire l&rsquo;article depuis sa source.<\/a><\/p>\n","protected":false},"excerpt":{"rendered":"<p>Le contrat pour la mise en place d\u2019un nouveau syst\u00e8me de production des documents de voyage internationaux a \u00e9t\u00e9 sign\u00e9 le 17 septembre 2020, entre le D\u00e9l\u00e9gu\u00e9 g\u00e9n\u00e9rale \u00e0 la s\u00fbret\u00e9 nationale (Dgsn) Martin Mbarga Nguele, pour le compte du Cameroun et le consortium Incm-Augentic, entreprise allemande repr\u00e9sent\u00e9e ici par son Pr\u00e9sident directeur g\u00e9n\u00e9ral (PDG) [&hellip;]<\/p>\n","protected":false},"author":1969,"featured_media":0,"comment_status":"closed","ping_status":"closed","sticky":false,"template":"","format":"standard","meta":{"fifu_image_url":"","fifu_image_alt":"","footnotes":""},"categories":[82,78],"tags":[],"class_list":["post-99259","post","type-post","status-publish","format-standard","hentry","category-cameroun","category-economie"],"_links":{"self":[{"href":"https:\/\/linitiative.ca\/International\/wp-json\/wp\/v2\/posts\/99259","targetHints":{"allow":["GET"]}}],"collection":[{"href":"https:\/\/linitiative.ca\/International\/wp-json\/wp\/v2\/posts"}],"about":[{"href":"https:\/\/linitiative.ca\/International\/wp-json\/wp\/v2\/types\/post"}],"author":[{"embeddable":true,"href":"https:\/\/linitiative.ca\/International\/wp-json\/wp\/v2\/users\/1969"}],"replies":[{"embeddable":true,"href":"https:\/\/linitiative.ca\/International\/wp-json\/wp\/v2\/comments?post=99259"}],"version-history":[{"count":0,"href":"https:\/\/linitiative.ca\/International\/wp-json\/wp\/v2\/posts\/99259\/revisions"}],"wp:attachment":[{"href":"https:\/\/linitiative.ca\/International\/wp-json\/wp\/v2\/media?parent=99259"}],"wp:term":[{"taxonomy":"category","embeddable":true,"href":"https:\/\/linitiative.ca\/International\/wp-json\/wp\/v2\/categories?post=99259"},{"taxonomy":"post_tag","embeddable":true,"href":"https:\/\/linitiative.ca\/International\/wp-json\/wp\/v2\/tags?post=99259"}],"curies":[{"name":"wp","href":"https:\/\/api.w.org\/{rel}","templated":true}]}}