{"id":99261,"date":"2020-09-18T13:44:43","date_gmt":"2020-09-18T17:44:43","guid":{"rendered":"https:\/\/linitiative.ca\/International\/reconstruction-du-noso-le-manuel-de-procedure-valide\/"},"modified":"2020-09-18T13:44:43","modified_gmt":"2020-09-18T17:44:43","slug":"reconstruction-du-noso-le-manuel-de-procedure-valide","status":"publish","type":"post","link":"https:\/\/linitiative.ca\/International\/reconstruction-du-noso-le-manuel-de-procedure-valide\/","title":{"rendered":"Reconstruction du NOSO : le manuel de proc\u00e9dure valid\u00e9"},"content":{"rendered":"<p>La deuxi\u00e8me session du comit\u00e9 de pilotage du Plan pr\u00e9sidentiel de reconstruction et de d\u00e9veloppement des r\u00e9gions du Nord-Ouest et du Sud-Ouest (Pprd\/NOSO),\u00a0\u00a0s\u2019est tenue le mardi 15 septembre 2020 \u00e0 Yaound\u00e9. Au cours de ces travaux, qui se sont tenus dans l\u2019auditorium des services du Premier minist\u00e8re, le comit\u00e9 de pilotage a adopt\u00e9 le manuel de proc\u00e9dures du plan de reconstruction. Selon le coordonnateur national Paul Tasong, \u00ab\u00a0<em>le manuel de proc\u00e9dure a \u00e9t\u00e9 \u00e9labor\u00e9\u00a0\u00a0pour satisfaire \u00e0 une demande. Les populations souhaitaient s\u2019assurer que les b\u00e9n\u00e9ficiaires du plan pr\u00e9sidentiel soient effectivement les victimes de la crise<\/em>\u00a0\u00bb, indiquait-il. Ce document vise alors \u00e0 d\u00e9cliner\u00a0\u00ab\u00a0<em>les diff\u00e9rentes mesures \u00e0 prendre par les diff\u00e9rents b\u00e9n\u00e9ficiaires et les victimes de la crise pour pr\u00e9tendre b\u00e9n\u00e9ficier du Plan, ceci sous la tr\u00e8s haute directive du pr\u00e9sident de la R\u00e9publique, S.E Paul Biya qui nous a demand\u00e9 de nous assurer qu\u2019aucun b\u00e9n\u00e9ficiaire, qu\u2019aucune victime de la crise ne soit laiss\u00e9 sur la touche<\/em>\u00a0\u00bb, rench\u00e9rit-il.<\/p>\n<p><strong>Lire aussi<\/strong> : <a href=\"https:\/\/ecomatin.net\/zones-economiquement-sinistrees-les-investisseurs-peu-enthousiastes-un-an-apres\/\">Zones \u00e9conomiquement sinistr\u00e9es\u00a0: les investisseurs peu enthousiastes un an apr\u00e8s<\/a><\/p>\n<p>Il par ailleurs aussi \u00e9t\u00e9 \u00e9voqu\u00e9 au cours de cette c\u00e9r\u00e9monie que des dispositions sont en train d\u2019\u00eatre prises pour permettre la reconstruction des documents et des pi\u00e8ces personnels qui ont \u00e9t\u00e9 d\u00e9truits pendant la crise. \u00c0 cela s\u2019ajoute le fait que d\u00e8s la semaine prochaine, le comit\u00e9 de pilotage envisage organiser des s\u00e9ances de formation \u00e0 l\u2019intention des diff\u00e9rents acteurs qui travailleront dans le processus de collecte\u00a0\u00a0des donn\u00e9es des populations b\u00e9n\u00e9ficiaires.<\/p>\n<p>L\u2019on se souvient que c\u2019\u00e9tait le 5 mai 2020, que le ministre de l\u2019Economie, de la Planification et de l\u2019Am\u00e9nagement du territoire (Minepat), Alamine Ousmane Mey\u00a0; et le repr\u00e9sentant r\u00e9sident du Programme des\u00a0Nations Unies pour le d\u00e9veloppement (Pnud) au Cameroun, Jean Luc Stalon signaient le document du Programme pr\u00e9sidentiel pour la reconstruction et le d\u00e9veloppement (Pprd) des r\u00e9gions du Nord-Ouest et du Sud-Ouest et l\u2019accord de financement du gouvernement destin\u00e9 au d\u00e9marrage dudit programme, d\u2019une dur\u00e9e de 2 ans, pour une enveloppe globale de 89,62 milliards de FCFA. Le Pnud intervenant ici comme l\u2019agence ex\u00e9cutoire du plan de reconstruction. Au cours de cette m\u00eame c\u00e9r\u00e9monie, le Minepat avait annonc\u00e9 la quote-part du gouvernement en termes de financement dans ce programme. Cette derni\u00e8re s\u2019\u00e9tablissait \u00e0 hauteur de 8,9 milliards de FCFA, soit 10% du budget global en cours de mobilisation pour \u00eatre mis \u00e0 la disposition du Pnud.<\/p>\n<p><strong>Lire aussi<\/strong> : <a href=\"https:\/\/ecomatin.net\/reconstruction-du-noso-36-milliards-de-fcfa-pour-la-premiere-annee\/\">Reconstruction du NOSO: 36 milliards de FCFA pour la premi\u00e8re ann\u00e9e<\/a><\/p>\n<p>Par la suite, le 13 mai 2020 le comit\u00e9 de pilotage tenait sa premi\u00e8re session de travaux. L\u2019annonce forte de cette derni\u00e8re \u00e9tait la mobilisation de 36 milliards de FCFA pour la premi\u00e8re ann\u00e9e des travaux et le d\u00e9but de ces derniers dans les zones pacifi\u00e9es des r\u00e9gions anglophones. Ceci pour permettre la r\u00e9habilitation des \u00e9coles, des centres de sant\u00e9, des routes\u00a0; la reconstruction des ponts\u00a0; la r\u00e9habilitation des points d\u2019eau\u00a0; le r\u00e9tablissement des lignes d\u2019\u00e9lectricit\u00e9 d\u00e9truites entre autres.<\/p>\n<p>Pour rappel, le programme pr\u00e9sidentiel de reconstruction et de d\u00e9veloppement des r\u00e9gions du Nord-Ouest et du Sud-Ouest (Pprd\/NOSO), est\u00a0\u00a0l\u2019une des r\u00e9solutions adopt\u00e9e lors du Grand dialogue nationale tenu au mois de septembre 2019 par le premier ministre Joseph Dion Ngute. Il est une composante du Programme de d\u00e9veloppement national qui court quant-\u00e0-lui sur 10 ans.<\/p>\n<p><strong>Lire aussi<\/strong> : <a href=\"https:\/\/ecomatin.net\/noso-letat-mobilise-89-milliards-de-fcfa-pour-la-reconstruction-des-zones-anglophones\/\">NOSO\u00a0: l\u2019Etat mobilise 8,9 milliards de FCFA pour la reconstruction des zones anglophones<\/a><\/p>\n<div class=\"awac-wrapper awac widget posts-list-widget-11\">\n<h4 class=\"widget-title\">Le plus r\u00e9cent<\/h4>\n<\/div>\n<p>Auteur: Eco Matin<br \/>\n<a href=\"https:\/\/ecomatin.net\/reconstruction-du-noso-le-manuel-de-procedure-valide\/\">Cliquez ici pour lire l&rsquo;article depuis sa source.<\/a><\/p>\n","protected":false},"excerpt":{"rendered":"<p>La deuxi\u00e8me session du comit\u00e9 de pilotage du Plan pr\u00e9sidentiel de reconstruction et de d\u00e9veloppement des r\u00e9gions du Nord-Ouest et du Sud-Ouest (Pprd\/NOSO),\u00a0\u00a0s\u2019est tenue le mardi 15 septembre 2020 \u00e0 Yaound\u00e9. Au cours de ces travaux, qui se sont tenus dans l\u2019auditorium des services du Premier minist\u00e8re, le comit\u00e9 de pilotage a adopt\u00e9 le manuel [&hellip;]<\/p>\n","protected":false},"author":1969,"featured_media":0,"comment_status":"closed","ping_status":"closed","sticky":false,"template":"","format":"standard","meta":{"fifu_image_url":"","fifu_image_alt":"","footnotes":""},"categories":[82,78],"tags":[],"class_list":["post-99261","post","type-post","status-publish","format-standard","hentry","category-cameroun","category-economie"],"_links":{"self":[{"href":"https:\/\/linitiative.ca\/International\/wp-json\/wp\/v2\/posts\/99261","targetHints":{"allow":["GET"]}}],"collection":[{"href":"https:\/\/linitiative.ca\/International\/wp-json\/wp\/v2\/posts"}],"about":[{"href":"https:\/\/linitiative.ca\/International\/wp-json\/wp\/v2\/types\/post"}],"author":[{"embeddable":true,"href":"https:\/\/linitiative.ca\/International\/wp-json\/wp\/v2\/users\/1969"}],"replies":[{"embeddable":true,"href":"https:\/\/linitiative.ca\/International\/wp-json\/wp\/v2\/comments?post=99261"}],"version-history":[{"count":0,"href":"https:\/\/linitiative.ca\/International\/wp-json\/wp\/v2\/posts\/99261\/revisions"}],"wp:attachment":[{"href":"https:\/\/linitiative.ca\/International\/wp-json\/wp\/v2\/media?parent=99261"}],"wp:term":[{"taxonomy":"category","embeddable":true,"href":"https:\/\/linitiative.ca\/International\/wp-json\/wp\/v2\/categories?post=99261"},{"taxonomy":"post_tag","embeddable":true,"href":"https:\/\/linitiative.ca\/International\/wp-json\/wp\/v2\/tags?post=99261"}],"curies":[{"name":"wp","href":"https:\/\/api.w.org\/{rel}","templated":true}]}}