{"id":99264,"date":"2020-09-19T05:00:42","date_gmt":"2020-09-19T09:00:42","guid":{"rendered":"https:\/\/linitiative.ca\/International\/indemnite-covid-19-tourisme-prorogation-du-delai-de-declaration-au-24-septembre\/"},"modified":"2020-09-19T05:00:42","modified_gmt":"2020-09-19T09:00:42","slug":"indemnite-covid-19-tourisme-prorogation-du-delai-de-declaration-au-24-septembre","status":"publish","type":"post","link":"https:\/\/linitiative.ca\/International\/indemnite-covid-19-tourisme-prorogation-du-delai-de-declaration-au-24-septembre\/","title":{"rendered":"Indemnit\u00e9 Covid-19\/tourisme : Prorogation du d\u00e9lai de d\u00e9claration au 24 septembre"},"content":{"rendered":"<header readability=\"1.3628048780488\">\n<div class=\"entry-post-meta\" readability=\"6.5230769230769\">\n<div class=\"author-link\">Publi\u00e9 par <a itemprop=\"author\" itemscope=\"\" itemtype=\"https:\/\/schema.org\/Person\" href=\"https:\/\/aujourdhui.ma\/author\/kaid\" rel=\"author\"><span itemprop=\"name\">ALM<\/span><\/a><\/div>\n<p>Date\u00a0:<time content=\"2020-09-19T10:00:42+01:00\" class=\"entry-date updated\" datetime=\"2020-09-19T10:00:42+01:00\">septembre 19, 2020<\/time><\/p>\n<div class=\"entry-cat\">dans:<a href=\"https:\/\/aujourdhui.ma\/category\/emploi\" rel=\"category tag\">Emploi<\/a>, <a href=\"https:\/\/aujourdhui.ma\/category\/une\" rel=\"category tag\">Une<\/a><\/div>\n<p>71Vues<\/p>\n<\/div>\n<\/header>\n<div class=\"entry-content clearfix\" readability=\"55\"><img decoding=\"async\" class=\"post_layout_5_img\" src=\"http:\/\/aujourdhui.ma\/wp-content\/uploads\/2017\/10\/CNSS-Siege-1.jpg\" alt=\"Indemnit&#xE9; Covid-19\/tourisme : Prorogation du d&#xE9;lai de d&#xE9;claration au 24 septembre\"\/><\/p>\n<p><span class=\"c5\"><strong>Le d\u00e9lai de la demande d\u2019indemnit\u00e9 au profit du secteur touristique au titre des mois de juillet et ao\u00fbt 2020 a \u00e9t\u00e9 prorog\u00e9 au 24 septembre.<\/strong><\/span> <span id=\"more-355740\"\/><\/p>\n<p>Dans un communiqu\u00e9, la Caisse nationale de s\u00e9curit\u00e9 sociale (CNSS) pr\u00e9cise que les op\u00e9rateurs relevant du secteur du tourisme concern\u00e9s peuvent effectuer, jusqu\u2019au 24 septembre, les d\u00e9clarations de leurs salari\u00e9s pour b\u00e9n\u00e9ficier de l\u2019indemnit\u00e9 forfaitaire des mois de juillet et ao\u00fbt 2020. Cette indemnit\u00e9 est financ\u00e9e par le Fonds sp\u00e9cial pour la gestion de la pand\u00e9mie de Covid-19. S\u2019agissant de l\u2019indemnit\u00e9 du mois de septembre, les op\u00e9rateurs pourront proc\u00e9der \u00e0 la d\u00e9claration de leurs salari\u00e9s sur le portail \u00abcovid19.cnss.ma\u00bb durant la p\u00e9riode allant du 16 septembre au 3 octobre.<\/p>\n<p>Cette mesure concerne les \u00e9tablissements d\u2019h\u00e9bergement class\u00e9s, les agences de voyages agr\u00e9\u00e9es, les transporteurs touristiques agr\u00e9\u00e9s, ainsi que les guides touristiques assujettis au r\u00e9gime de s\u00e9curit\u00e9 sociale conform\u00e9ment \u00e0 la loi 98.15 et 99.15 relatives \u00e0 la couverture sociale et m\u00e9dicale des travailleurs non salari\u00e9s. Rappelons que mardi dernier, la CNSS a lanc\u00e9 un portail \u00e9lectronique r\u00e9serv\u00e9 \u00e0 la d\u00e9claration des salari\u00e9s des entreprises du secteur touristique et des professionnels \u00e9ligibles \u00e0 l\u2019indemnit\u00e9 forfaitaire. Les entreprises concern\u00e9es peuvent d\u00e9clarer leurs salari\u00e9s et les stagiaires sous contrat insertion pour b\u00e9n\u00e9ficier d\u2019une indemnit\u00e9 mensuelle de 2.000 DH devant \u00eatre servie durant la p\u00e9riode allant du 1er juillet \u00e0 fin d\u00e9cembre 2020, outre le droit aux allocations familiales et \u00e0 l\u2019assurance maladie obligatoire (AMO), conform\u00e9ment aux dispositions juridiques en vigueur. Pour pouvoir profiter de ce soutien, le chiffre d\u2019affaires de l\u2019entreprise doit \u00eatre en baisse d\u2019au moins 25%, de m\u00eame que celle-ci doit s\u2019engager \u00e0 maintenir au moins 80% des postes d\u2019emploi.<\/p>\n<\/div>\n<p>Auteur: ALM<br \/>\n<a href=\"https:\/\/aujourdhui.ma\/emploi\/indemnite-covid-19-tourisme-prorogation-du-delai-de-declaration-au-24-septembre\">Cliquez ici pour lire l&rsquo;article depuis sa source.<\/a><\/p>\n","protected":false},"excerpt":{"rendered":"<p>Publi\u00e9 par ALM Date\u00a0:septembre 19, 2020 dans:Emploi, Une 71Vues Le d\u00e9lai de la demande d\u2019indemnit\u00e9 au profit du secteur touristique au titre des mois de juillet et ao\u00fbt 2020 a \u00e9t\u00e9 prorog\u00e9 au 24 septembre. Dans un communiqu\u00e9, la Caisse nationale de s\u00e9curit\u00e9 sociale (CNSS) pr\u00e9cise que les op\u00e9rateurs relevant du secteur du tourisme concern\u00e9s [&hellip;]<\/p>\n","protected":false},"author":1759,"featured_media":99265,"comment_status":"closed","ping_status":"closed","sticky":false,"template":"","format":"standard","meta":{"fifu_image_url":"","fifu_image_alt":"","footnotes":""},"categories":[73,54],"tags":[],"class_list":["post-99264","post","type-post","status-publish","format-standard","has-post-thumbnail","hentry","category-actualite","category-maroc"],"_links":{"self":[{"href":"https:\/\/linitiative.ca\/International\/wp-json\/wp\/v2\/posts\/99264","targetHints":{"allow":["GET"]}}],"collection":[{"href":"https:\/\/linitiative.ca\/International\/wp-json\/wp\/v2\/posts"}],"about":[{"href":"https:\/\/linitiative.ca\/International\/wp-json\/wp\/v2\/types\/post"}],"author":[{"embeddable":true,"href":"https:\/\/linitiative.ca\/International\/wp-json\/wp\/v2\/users\/1759"}],"replies":[{"embeddable":true,"href":"https:\/\/linitiative.ca\/International\/wp-json\/wp\/v2\/comments?post=99264"}],"version-history":[{"count":0,"href":"https:\/\/linitiative.ca\/International\/wp-json\/wp\/v2\/posts\/99264\/revisions"}],"wp:featuredmedia":[{"embeddable":true,"href":"https:\/\/linitiative.ca\/International\/wp-json\/"}],"wp:attachment":[{"href":"https:\/\/linitiative.ca\/International\/wp-json\/wp\/v2\/media?parent=99264"}],"wp:term":[{"taxonomy":"category","embeddable":true,"href":"https:\/\/linitiative.ca\/International\/wp-json\/wp\/v2\/categories?post=99264"},{"taxonomy":"post_tag","embeddable":true,"href":"https:\/\/linitiative.ca\/International\/wp-json\/wp\/v2\/tags?post=99264"}],"curies":[{"name":"wp","href":"https:\/\/api.w.org\/{rel}","templated":true}]}}