{"id":99266,"date":"2020-09-19T06:00:03","date_gmt":"2020-09-19T10:00:03","guid":{"rendered":"https:\/\/linitiative.ca\/International\/benabdellah-el-joundi-un-acteur-voulait-prendre-anouar-el-joundi-avec-lui-en-jordanie\/"},"modified":"2020-09-19T06:00:03","modified_gmt":"2020-09-19T10:00:03","slug":"benabdellah-el-joundi-un-acteur-voulait-prendre-anouar-el-joundi-avec-lui-en-jordanie","status":"publish","type":"post","link":"https:\/\/linitiative.ca\/International\/benabdellah-el-joundi-un-acteur-voulait-prendre-anouar-el-joundi-avec-lui-en-jordanie\/","title":{"rendered":"Benabdellah El Joundi : \u00abUn acteur voulait prendre Anouar El Joundi avec lui en Jordanie\u00bb"},"content":{"rendered":"<p><img decoding=\"async\" class=\"post_layout_5_img\" src=\"http:\/\/aujourdhui.ma\/wp-content\/uploads\/2020\/03\/Benabdellah-El-Joundi.jpg\" alt=\"Benabdellah El Joundi : &#xAB;Un acteur voulait prendre Anouar El Joundi avec lui en Jordanie&#xBB;\"\/><\/p>\n<p><span class=\"c5\"><strong>Questions \u00e0 Benabdellah El Joundi, acteur<\/strong><\/span><br \/><span id=\"more-355744\"\/><\/p>\n<p>Il n\u2019y a pas mieux qu\u2019un proche pour parler d\u2019un d\u00e9funt. Dans cet \u00e9change, Benabdellah, cousin d\u2019Anouar El Joundi, raconte minutieusement le parcours de l\u2019artiste d\u00e9funt. Il remonte m\u00eame \u00e0 l\u2019enfance de l\u2019acteur disparu avant de passer par l\u2019initiation de celui-ci \u00e0 l\u2019art. Le tout en ressuscitant une belle offre que le regrett\u00e9 a re\u00e7ue sous d\u2019autres cieux et qu\u2019il a fini par d\u00e9cliner en respect \u00e0 la volont\u00e9 de feu son p\u00e8re.<\/p>\n<p><strong><span class=\"c6\">ALM :<\/span> Les t\u00e9moignages favorables ont foisonn\u00e9 \u00e0 l\u2019\u00e9gard d\u2019Anouar El Joundi, d\u00e9c\u00e9d\u00e9 il y a quelques jours. Nous aimerions, cependant, conna\u00eetre le d\u00e9funt aupr\u00e8s de vous en tant que cousin. Pourriez-vous remonter le temps pour nous ?<\/strong><\/p>\n<p><span class=\"c6\"><strong>Benabdellah El Joundi:<\/strong><\/span> Anouar, mon cousin et fr\u00e8re, \u00e9tait assidu non seulement dans son parcours artistique mais aussi en \u00e9tudes universitaires. A lui seul, son penchant artistique est nourri par la passion de ses parents. Sa m\u00e8re, Fatima Benmeziane, \u00e9tait actrice depuis l\u2019enfance \u00e0 Marrakech o\u00f9 elle a rencontr\u00e9 son p\u00e8re. Apr\u00e8s quoi, ils sont partis \u00e0 Rabat o\u00f9 la radiodiffusion les a choisis comme acteurs pour la radio. Entre-temps, ils ont eu leurs enfants Abd El Moun\u00eem, Hassan, Anouar et Hajar. Pour sa part, Anouar aimait beaucoup la personnification, notamment les r\u00f4les jou\u00e9s par son p\u00e8re dans diff\u00e9rentes pi\u00e8ces de th\u00e9\u00e2tre et l\u2019\u0153uvre \u00abArrisala\u00bb. Anouar a \u00e9galement particip\u00e9 \u00e0 la pi\u00e8ce de th\u00e9\u00e2tre \u00abAna W (Moi et) Chama\u00bb et \u00e0 des \u00e9pop\u00e9es \u00e9crites par Hassan El Joundi comme \u00abAl Ahd I et II\u00bb (L\u2019engagement) et \u00abDakirat (M\u00e9moire) Marrakech\u00bb avec l\u2019aide de la r\u00e9alisatrice Hajar El Joundi. En outre, Anouar a plusieurs \u0153uvres \u00e9crites pour la radio pour laquelle nous travaillions plus que la t\u00e9l\u00e9vision. D\u2019autant plus qu\u2019il a plusieurs participations marocaines et internationales.<\/p>\n<p><strong>Les artistes louent les qualit\u00e9s du regrett\u00e9. Que pourriez-vous nous dire de sa moralit\u00e9 en tant que membre de la famille ?<\/strong><\/p>\n<p>C\u2019\u00e9tait un homme bien \u00e9duqu\u00e9 et honn\u00eate. Aussi il \u00e9tait assez s\u00e9v\u00e8re et \u00e0 la fois un homme de parole et d\u2019action. Quand il tenait \u00e0 un projet, il le faisait. Il a m\u00eame laiss\u00e9 tomber ses \u00e9tudes universitaires pour hisser la parole de l\u2019art dans le pays sans se soucier, tout comme son p\u00e8re, du volet mat\u00e9riel.<\/p>\n<p><strong>Le d\u00e9funt avait \u00e9galement un bon relationnel avec les artistes. Etait-ce le cas avec ses g\u00e9niteurs ?<\/strong><\/p>\n<p>Plut\u00f4t, il aimait beaucoup ses parents. Par l\u2019occasion, des stars mondiales affluaient vers la maison des parents du d\u00e9funt qui assistait \u00e0 leurs \u00e9changes. Un de ces jours, un acteur jordanien voulait prendre avec lui en Jordanie Anouar qui a \u00e9galement eu une offre de participation dans un feuilleton syrien alors qu\u2019il \u00e9tait jeune. Mais son p\u00e8re a refus\u00e9 ; il lui a propos\u00e9 de poursuivre ses \u00e9tudes et de travailler avec lui en tant qu\u2019artiste. A son tour, la star Abdelhalim Hafed avait pr\u00e9dit qu\u2019Anouar aurait une bonne r\u00e9putation.<\/p>\n<p><strong>Un dernier mot\u2026<\/strong><\/p>\n<p>C\u2019\u00e9tait mon cher ami. Nous avons pass\u00e9 de tr\u00e8s agr\u00e9ables jours. C\u2019est irrempla\u00e7able. J\u2019ai particip\u00e9 \u00e0 des \u0153uvres que nous avons \u00e9crites chacun de son c\u00f4t\u00e9. Adieu fr\u00e8re !<\/p>\n<p>Auteur: Salima Guisser<br \/>\n<a href=\"https:\/\/aujourdhui.ma\/culture\/benabdellah-el-joundi-un-acteur-voulait-prendre-anouar-el-joundi-avec-lui-en-jordanie\">Cliquez ici pour lire l&rsquo;article depuis sa source.<\/a><\/p>\n","protected":false},"excerpt":{"rendered":"<p>Questions \u00e0 Benabdellah El Joundi, acteur Il n\u2019y a pas mieux qu\u2019un proche pour parler d\u2019un d\u00e9funt. Dans cet \u00e9change, Benabdellah, cousin d\u2019Anouar El Joundi, raconte minutieusement le parcours de l\u2019artiste d\u00e9funt. Il remonte m\u00eame \u00e0 l\u2019enfance de l\u2019acteur disparu avant de passer par l\u2019initiation de celui-ci \u00e0 l\u2019art. Le tout en ressuscitant une belle [&hellip;]<\/p>\n","protected":false},"author":1759,"featured_media":99267,"comment_status":"closed","ping_status":"closed","sticky":false,"template":"","format":"standard","meta":{"fifu_image_url":"","fifu_image_alt":"","footnotes":""},"categories":[73,54],"tags":[],"class_list":["post-99266","post","type-post","status-publish","format-standard","has-post-thumbnail","hentry","category-actualite","category-maroc"],"_links":{"self":[{"href":"https:\/\/linitiative.ca\/International\/wp-json\/wp\/v2\/posts\/99266","targetHints":{"allow":["GET"]}}],"collection":[{"href":"https:\/\/linitiative.ca\/International\/wp-json\/wp\/v2\/posts"}],"about":[{"href":"https:\/\/linitiative.ca\/International\/wp-json\/wp\/v2\/types\/post"}],"author":[{"embeddable":true,"href":"https:\/\/linitiative.ca\/International\/wp-json\/wp\/v2\/users\/1759"}],"replies":[{"embeddable":true,"href":"https:\/\/linitiative.ca\/International\/wp-json\/wp\/v2\/comments?post=99266"}],"version-history":[{"count":0,"href":"https:\/\/linitiative.ca\/International\/wp-json\/wp\/v2\/posts\/99266\/revisions"}],"wp:featuredmedia":[{"embeddable":true,"href":"https:\/\/linitiative.ca\/International\/wp-json\/"}],"wp:attachment":[{"href":"https:\/\/linitiative.ca\/International\/wp-json\/wp\/v2\/media?parent=99266"}],"wp:term":[{"taxonomy":"category","embeddable":true,"href":"https:\/\/linitiative.ca\/International\/wp-json\/wp\/v2\/categories?post=99266"},{"taxonomy":"post_tag","embeddable":true,"href":"https:\/\/linitiative.ca\/International\/wp-json\/wp\/v2\/tags?post=99266"}],"curies":[{"name":"wp","href":"https:\/\/api.w.org\/{rel}","templated":true}]}}