{"id":99268,"date":"2020-09-19T07:00:47","date_gmt":"2020-09-19T11:00:47","guid":{"rendered":"https:\/\/linitiative.ca\/International\/du-nouveau-chez-kia-maroc-la-marque-devoile-son-suv-compact-seltos\/"},"modified":"2020-09-19T07:00:47","modified_gmt":"2020-09-19T11:00:47","slug":"du-nouveau-chez-kia-maroc-la-marque-devoile-son-suv-compact-seltos","status":"publish","type":"post","link":"https:\/\/linitiative.ca\/International\/du-nouveau-chez-kia-maroc-la-marque-devoile-son-suv-compact-seltos\/","title":{"rendered":"Du nouveau chez Kia Maroc : La marque d\u00e9voile son SUV compact Seltos"},"content":{"rendered":"<p><img decoding=\"async\" class=\"post_layout_5_img\" src=\"http:\/\/aujourdhui.ma\/wp-content\/uploads\/2020\/09\/Du-nouveau-chez-Kia-Maroc-La-marque-d\u00e9voile-son-SUV-compact-Seltos.jpg\" alt=\"Du nouveau chez Kia Maroc : La marque d&#xE9;voile son SUV compact Seltos\"\/><\/p>\n<p><strong>Kia fait une reprise sous le signe du renouveau.<\/strong><span id=\"more-355550\"\/><\/p>\n<p>D\u00e9veloppement du r\u00e9seau, \u00e9largissement de la gamme de produits, innovations et actions men\u00e9es au niveau de la qualit\u00e9 du service apr\u00e8s-vente\u2026 autant d\u2019actions pour assurer un retour en force. Apr\u00e8s les ouvertures de succursales \u00e0 Rabat et Tanger, de concessionnaires \u00e0 Sal\u00e9, F\u00e8s et Oujda, puis le lancement du label Kia Occasion, la marque d\u00e9voile son nouveau SUV compact Seltos disponible \u00e0 partir de 219.000 DH en finition Motion (prix de lancement). Ce nouveau mod\u00e8le entre sur un march\u00e9 tr\u00e8s pris\u00e9 et en pleine expansion \u00e0 l\u2019international, et notamment au Maroc.<\/p>\n<p>Le Seltos se distingue de ses concurrents sur le segment des SUV compacts gr\u00e2ce \u00e0 son design sophistiqu\u00e9 et sportif, tout en proposant l\u2019espace et les capacit\u00e9s d\u2019un grand SUV, indique la marque ajoutant qu\u2019avec ses courbes audacieuses et dynamiques, le Seltos poss\u00e8de une s\u00e9rie de caract\u00e9ristiques distinctives au niveau de son design ext\u00e9rieur, telles qu\u2019une calandre expressive, un long capot nervur\u00e9, des phares sculpt\u00e9s et des lignes tranchantes int\u00e9gr\u00e9es \u00e0 la carrosserie. Ce SUV pr\u00e9sente des dimensions g\u00e9n\u00e9reuses qui en font l\u2019un des plus grands de sa cat\u00e9gorie. L\u2019int\u00e9rieur moderne du Seltos est compos\u00e9 de mat\u00e9riaux de haute qualit\u00e9 et d\u2019une technologie automobile futuriste. Le constructeur explique que ce v\u00e9hicule est con\u00e7u pour r\u00e9pondre aux besoins d\u2019une cible jeune et f\u00e9rue de technologie. Son habitacle se caract\u00e9rise par des lignes larges et plusieurs sp\u00e9cificit\u00e9s techniques.<\/p>\n<p>Ainsi, le syst\u00e8me d\u2019infodivertissement de la voiture est au c\u0153ur du tableau de bord. Le Seltos dispose, d\u00e8s l\u2019entr\u00e9e de gamme, d\u2019un large \u00e9cran tactile 8 pouces compatible avec les syst\u00e8mes Android Auto et Apple Carplay, int\u00e9grant la multi-connexion Bluetooth pour plusieurs appareils ainsi que la cam\u00e9ra de recul avec lignes de guidage. Par ailleurs, avec des dimensions ext\u00e9rieures subtilement plus grandes et un empattement plus long, le Seltos pr\u00e9sente la plus grande cabine et l\u2019un des plus grands coffres de tous les SUV du segment B actuellement en vente, rel\u00e8ve la marque ajoutant que l\u2019habitacle offre ainsi plus d\u2019espace pour les jambes, gr\u00e2ce \u00e0 une ligne de toit haute et droite et une plus grande hauteur libre. Son coffre dispose de 433 litres d\u2019espace (VDA), l\u2019une des plus grandes capacit\u00e9s sur le march\u00e9, rel\u00e8ve l\u2019entreprise. Du c\u00f4t\u00e9 de l\u2019ext\u00e9rieur sportif et \u00e9l\u00e9gant, il est associ\u00e9 \u00e0 de solides performances de route, une dynamique engageante et une conduite confortable pour les passagers. \u00abLe Seltos est ainsi \u00e9quip\u00e9 d\u2019une motorisation innovante con\u00e7ue pour un rendement \u00e9lev\u00e9 et une meilleure efficacit\u00e9. Le moteur diesel Smart Stream de 1.497 cm3, unique motorisation au catalogue Kia Maroc, est dot\u00e9 d\u2019une puissance de 115 ch et d\u2019un couple de 250 Nm.<\/p>\n<p>Il est associ\u00e9 \u00e0 une transmission automatique ou manuelle six vitesses, quelle que soit la finition choisie. Smart Stream est la nouvelle strat\u00e9gie de la marque visant \u00e0 am\u00e9liorer le rendement \u00e9nerg\u00e9tique et \u00e0 r\u00e9duire les \u00e9missions de ses moteurs \u00e0 combustion interne, tout en optimisant les composants du moteur\u00bb, pr\u00e9cise la marque.<\/p>\n<div class=\"base-box mom_box_sc_custom mom_box_sc clear c6\" readability=\"26\">\n<p><span class=\"c5\"><strong>Le nouveau Kia Seltos disponible en 4 niveaux de finition<\/strong><\/span><\/p>\n<p>Au Maroc, la gamme compl\u00e8te est commercialis\u00e9e. En effet, le nouveau Kia Seltos est disponible en 4 niveaux de finition (Motion, Motion+, Active et Ex\u00e9cutive). Ainsi, la finition Motion offre une dotation particuli\u00e8rement riche pour un premier niveau : des airbags conducteur et passager, l\u2019alarme avec immobiliseur, des feux antibrouillard, des jantes aluminium 16\u2019\u2019, un \u00e9cran tactile Multim\u00e9dia 8\u2019\u2019 compatible Android Auto et Apple Carplay et une cam\u00e9ra avec des radars de recul. La finition Motion+ dispose en sus du r\u00e9gulateur de vitesse, d\u2019un volant cuir \u00e0 m\u00e9plat et de feux de jour LED. La finition Active offre en compl\u00e9ment une console centrale finition piano black, des jantes diamant\u00e9es en aluminium 17\u2019\u2019, d\u2019une peinture bi-ton au choix et de r\u00e9troviseurs rabattables \u00e9lectriquement avec r\u00e9p\u00e9titeurs de clignotants. Enfin, la finition Ex\u00e9cutive compl\u00e8te la gamme en proposant des feux antibrouillard LED, des feux avant et arri\u00e8re full LED et la climatisation automatique.<\/p>\n<\/div>\n<p>Auteur: ALM<br \/>\n<a href=\"https:\/\/aujourdhui.ma\/automobile\/du-nouveau-chez-kia-maroc-la-marque-devoile-son-suv-compact-seltos\">Cliquez ici pour lire l&rsquo;article depuis sa source.<\/a><\/p>\n","protected":false},"excerpt":{"rendered":"<p>Kia fait une reprise sous le signe du renouveau. D\u00e9veloppement du r\u00e9seau, \u00e9largissement de la gamme de produits, innovations et actions men\u00e9es au niveau de la qualit\u00e9 du service apr\u00e8s-vente\u2026 autant d\u2019actions pour assurer un retour en force. Apr\u00e8s les ouvertures de succursales \u00e0 Rabat et Tanger, de concessionnaires \u00e0 Sal\u00e9, F\u00e8s et Oujda, puis [&hellip;]<\/p>\n","protected":false},"author":1759,"featured_media":99269,"comment_status":"closed","ping_status":"closed","sticky":false,"template":"","format":"standard","meta":{"fifu_image_url":"","fifu_image_alt":"","footnotes":""},"categories":[73,54],"tags":[],"class_list":["post-99268","post","type-post","status-publish","format-standard","has-post-thumbnail","hentry","category-actualite","category-maroc"],"_links":{"self":[{"href":"https:\/\/linitiative.ca\/International\/wp-json\/wp\/v2\/posts\/99268","targetHints":{"allow":["GET"]}}],"collection":[{"href":"https:\/\/linitiative.ca\/International\/wp-json\/wp\/v2\/posts"}],"about":[{"href":"https:\/\/linitiative.ca\/International\/wp-json\/wp\/v2\/types\/post"}],"author":[{"embeddable":true,"href":"https:\/\/linitiative.ca\/International\/wp-json\/wp\/v2\/users\/1759"}],"replies":[{"embeddable":true,"href":"https:\/\/linitiative.ca\/International\/wp-json\/wp\/v2\/comments?post=99268"}],"version-history":[{"count":0,"href":"https:\/\/linitiative.ca\/International\/wp-json\/wp\/v2\/posts\/99268\/revisions"}],"wp:featuredmedia":[{"embeddable":true,"href":"https:\/\/linitiative.ca\/International\/wp-json\/"}],"wp:attachment":[{"href":"https:\/\/linitiative.ca\/International\/wp-json\/wp\/v2\/media?parent=99268"}],"wp:term":[{"taxonomy":"category","embeddable":true,"href":"https:\/\/linitiative.ca\/International\/wp-json\/wp\/v2\/categories?post=99268"},{"taxonomy":"post_tag","embeddable":true,"href":"https:\/\/linitiative.ca\/International\/wp-json\/wp\/v2\/tags?post=99268"}],"curies":[{"name":"wp","href":"https:\/\/api.w.org\/{rel}","templated":true}]}}