{"id":99270,"date":"2020-09-19T08:10:00","date_gmt":"2020-09-19T12:10:00","guid":{"rendered":"https:\/\/linitiative.ca\/International\/le-secretariat-general-des-finances-de-nouveau-vacant\/"},"modified":"2020-09-19T08:10:00","modified_gmt":"2020-09-19T12:10:00","slug":"le-secretariat-general-des-finances-de-nouveau-vacant","status":"publish","type":"post","link":"https:\/\/linitiative.ca\/International\/le-secretariat-general-des-finances-de-nouveau-vacant\/","title":{"rendered":"Le secr\u00e9tariat g\u00e9n\u00e9ral des Finances de nouveau vacant"},"content":{"rendered":"<header readability=\"1.3165467625899\">\n<\/header>\n<div class=\"entry-content clearfix\" readability=\"48\"><img decoding=\"async\" class=\"post_layout_5_img\" src=\"http:\/\/aujourdhui.ma\/wp-content\/uploads\/2019\/05\/Zouhair-Chorfi-secre\u0301taire-ge\u0301ne\u0301ral-du-ministe\u0300re-de-l\u2019e\u0301conomie-et-des-finances.jpg\" alt=\"Le secr&#xE9;tariat g&#xE9;n&#xE9;ral des Finances de nouveau vacant\"\/><\/p>\n<p><span class=\"c5\"><strong>Le minist\u00e8re de l\u2019\u00c9conomie, des Finances et de la r\u00e9forme de l\u2019Administration est \u00e0 la recherche d\u2019un nouveau secr\u00e9taire g\u00e9n\u00e9ral.<\/strong><\/span><span id=\"more-355798\"\/><\/p>\n<p>Et pour cause, Zouhair Chorfi, dans ce poste jusqu\u2019ici, vient d\u2019\u00eatre nomm\u00e9 directeur du cabinet du ministre Mohamed Bencha\u00e2boun. Sa nomination dans ce nouveau poste a \u00e9t\u00e9 act\u00e9 apr\u00e8s voir atteint l\u2019\u00e2ge de la retraite. Il s\u2019agit d\u2019un poste strat\u00e9gique. La nomination prend des fois un bout de temps.<\/p>\n<p>Avant la nomination de Chorfi, le poste \u00e9tait rest\u00e9 vacant de longs mois apr\u00e8s le d\u00e9part de khalid Safir au minist\u00e8re de l\u2019Int\u00e9rieur. Y aura t-il un remake de la m\u00eame attente? En tout cas, il semble que la recherche d\u2019un nouveau SG est en cours.<\/p>\n<\/div>\n<p>Auteur: ALM<br \/>\n<a href=\"https:\/\/aujourdhui.ma\/economie\/le-secretariat-general-des-finances-de-nouveau-vacant\">Cliquez ici pour lire l&rsquo;article depuis sa source.<\/a><\/p>\n","protected":false},"excerpt":{"rendered":"<p>Le minist\u00e8re de l\u2019\u00c9conomie, des Finances et de la r\u00e9forme de l\u2019Administration est \u00e0 la recherche d\u2019un nouveau secr\u00e9taire g\u00e9n\u00e9ral. Et pour cause, Zouhair Chorfi, dans ce poste jusqu\u2019ici, vient d\u2019\u00eatre nomm\u00e9 directeur du cabinet du ministre Mohamed Bencha\u00e2boun. Sa nomination dans ce nouveau poste a \u00e9t\u00e9 act\u00e9 apr\u00e8s voir atteint l\u2019\u00e2ge de la retraite. [&hellip;]<\/p>\n","protected":false},"author":1759,"featured_media":99271,"comment_status":"closed","ping_status":"closed","sticky":false,"template":"","format":"standard","meta":{"fifu_image_url":"","fifu_image_alt":"","footnotes":""},"categories":[73,54],"tags":[],"class_list":["post-99270","post","type-post","status-publish","format-standard","has-post-thumbnail","hentry","category-actualite","category-maroc"],"_links":{"self":[{"href":"https:\/\/linitiative.ca\/International\/wp-json\/wp\/v2\/posts\/99270","targetHints":{"allow":["GET"]}}],"collection":[{"href":"https:\/\/linitiative.ca\/International\/wp-json\/wp\/v2\/posts"}],"about":[{"href":"https:\/\/linitiative.ca\/International\/wp-json\/wp\/v2\/types\/post"}],"author":[{"embeddable":true,"href":"https:\/\/linitiative.ca\/International\/wp-json\/wp\/v2\/users\/1759"}],"replies":[{"embeddable":true,"href":"https:\/\/linitiative.ca\/International\/wp-json\/wp\/v2\/comments?post=99270"}],"version-history":[{"count":0,"href":"https:\/\/linitiative.ca\/International\/wp-json\/wp\/v2\/posts\/99270\/revisions"}],"wp:featuredmedia":[{"embeddable":true,"href":"https:\/\/linitiative.ca\/International\/wp-json\/"}],"wp:attachment":[{"href":"https:\/\/linitiative.ca\/International\/wp-json\/wp\/v2\/media?parent=99270"}],"wp:term":[{"taxonomy":"category","embeddable":true,"href":"https:\/\/linitiative.ca\/International\/wp-json\/wp\/v2\/categories?post=99270"},{"taxonomy":"post_tag","embeddable":true,"href":"https:\/\/linitiative.ca\/International\/wp-json\/wp\/v2\/tags?post=99270"}],"curies":[{"name":"wp","href":"https:\/\/api.w.org\/{rel}","templated":true}]}}