{"id":99274,"date":"2020-09-19T13:03:56","date_gmt":"2020-09-19T17:03:56","guid":{"rendered":"https:\/\/linitiative.ca\/International\/parution-du-livre-bejaia-terre-des-lumieres-de-rachik-bouanani\/"},"modified":"2020-09-19T13:03:56","modified_gmt":"2020-09-19T17:03:56","slug":"parution-du-livre-bejaia-terre-des-lumieres-de-rachik-bouanani","status":"publish","type":"post","link":"https:\/\/linitiative.ca\/International\/parution-du-livre-bejaia-terre-des-lumieres-de-rachik-bouanani\/","title":{"rendered":"Parution du livre \u00ab\u00a0B\u00e9ja\u00efa, terre des lumi\u00e8res\u00a0\u00bb de Rachik Bouanani"},"content":{"rendered":"<div readability=\"40\">\n<p><strong>ALGER &#8211; Un nouvel ouvrage enti\u00e8rement d\u00e9di\u00e9 \u00e0 la ville de B\u00e9jaia, son histoire, ses sites touristiques et son patrimoine culturel mat\u00e9riel a \u00e9t\u00e9 r\u00e9cemment publi\u00e9 sous forme de beau-livre, intitul\u00e9 \u00ab\u00a0B\u00e9ja\u00efa, terre de lumi\u00e8res\u00a0\u00bb, par le talentueux photographe Rachik Bouanani qui propose de red\u00e9couvrir cette ville depuis l&rsquo;antiquit\u00e9.<\/strong><\/p>\n<\/div>\n<div readability=\"82.630931145202\">\n<p>Ce livre de 255 pages \u00e0 la crois\u00e9e des chemins entre le carnet de voyage, le guide d\u00e9taill\u00e9 et le r\u00e9cit historique a \u00e9t\u00e9 \u00e9labor\u00e9 par les \u00e9ditions \u00ab\u00a0Colorset\u00a0\u00bb.<\/p>\n<p>Ce r\u00e9cit photographique de haute qualit\u00e9 et accompagn\u00e9 de textes d\u00e9taill\u00e9s et r\u00e9f\u00e9renc\u00e9s s&rsquo;int\u00e9resse d&rsquo;abord \u00e0 la B\u00e9ja\u00efa antique depuis ses n\u00e9cropoles pr\u00e9historiques du village d&rsquo;Ibarissen jusqu&rsquo;\u00e0 la p\u00e9riode byzantine en passant par le comptoir ph\u00e9nicien de la baie des Aiguades, la ville romaine de Saldae et l&rsquo;invasion vandale.<\/p>\n<p>Les vestiges des thermes romains de Tubusuptu, de l&rsquo;aqueduc de Nonius Datus et des citernes d&rsquo;Al Arouia constituent l&rsquo;essentiel des photos de cette p\u00e9riode en plus de cartes g\u00e9ographiques mod\u00e9lisant les diff\u00e9rentes invasions et changements dans la r\u00e9gion.<\/p>\n<blockquote readability=\"15\">\n<p><em><strong>Consid\u00e9rant que la ville s&rsquo;est dress\u00e9e comme m\u00e9tropole r\u00e9gionale du temps du sultan hammadite Al Nassir, Rachik Bouanani, explique le mouvement des diff\u00e9rentes dynasties fatimides, zirides, almohade, hafside, zianide et m\u00e9rinide et les empreintes de chacune d&rsquo;elles sur cette ville \u00e0 travers des clich\u00e9s des fortifications b\u00e2ties \u00e0 chaque \u00e9poque, des portes de la ville et des mosqu\u00e9es Sidi Soufi et Ibn Toumert.<\/strong><\/em><\/p>\n<\/blockquote>\n<hr\/>\n<h3>Lire aussi:\u00a0<a href=\"http:\/\/www.aps.dz\/culture\/109484-installation-de-la-commission-pour-la-reforme-du-livre\" target=\"_blank\" rel=\"noopener noreferrer\">Installation de la commission charg\u00e9e de la r\u00e9forme du livre<\/a>\u00a0<\/h3>\n<hr\/>\n<p>L&rsquo;objectif du photographe s&rsquo;int\u00e9resse particuli\u00e8rement aux fortifications maritimes du parc naturel de Gouraya et propose ainsi des clich\u00e9s d&rsquo;une rare beaut\u00e9 de sites comme le cap Carbon et son phare naturel, le pic des singes et son belv\u00e9d\u00e8re perch\u00e9 \u00e0 420m d&rsquo;altitude, le fort Gouraya b\u00e2ti par les espagnols au XVIe si\u00e8cle,\u00a0 la pointe noire, ou encore le cap Bouac.<\/p>\n<p>L&rsquo;auteur propose \u00e9galement la d\u00e9couverte en image de la Casbah espagnole, du fort Moussa, des lieux de culte de la ville et de ces principaux sites de vill\u00e9giature en plus de r\u00e9pertorier \u00e9galement la plupart des plages de B\u00e9ja\u00efa. Le lecteur est \u00e9galement invit\u00e9 \u00e0 rencontrer les habitants par le biais de portraits spontan\u00e9s de bougiotes crois\u00e9s au hasard.<\/p>\n<blockquote readability=\"8\">\n<p><em><strong>En plus de la qualit\u00e9 remarquable des photographies et de l&rsquo;impression, l&rsquo;ouvrage se distingue par l&rsquo;originalit\u00e9 des points de prise de vue mais aussi par le choix des sites mis en valeur qui sortent du circuit touristique habituel de la ville et invite le lecteur \u00e0 red\u00e9couvrir les lieux.<\/strong><\/em><\/p>\n<\/blockquote>\n<p>Nouveaut\u00e9 notable pour ce type d&rsquo;ouvrage, \u00ab\u00a0B\u00e9ja\u00efa, terre de lumi\u00e8res\u00a0\u00bb propose une passerelle vers les nouvelles technologies et fourni les coordonn\u00e9es GPS de chacun des sites photographi\u00e9s, afin que le lecteur puisse facilement s&rsquo;y rendre, et des QR codes qui, une fois scann\u00e9s, renvoient \u00e0 des photos et vid\u00e9os explicatives de chacun des chapitres du livre.<\/p>\n<p>Photographe et formateur \u00e9tabli au Canada, Rachik Bouanani est \u00e9galement l&rsquo;auteur du livre \u00ab\u00a0Dzair\u00a0\u00bb sorti en 2014.<\/p>\n<\/div>\n<p>Auteur:<br \/>\n<a href=\"http:\/\/www.aps.dz\/culture\/109876-parution-du-livre-bejaia-terre-des-lumieres-de-rachik-bouanani\">Cliquez ici pour lire l&rsquo;article depuis sa source.<\/a><\/p>\n","protected":false},"excerpt":{"rendered":"<p>ALGER &#8211; Un nouvel ouvrage enti\u00e8rement d\u00e9di\u00e9 \u00e0 la ville de B\u00e9jaia, son histoire, ses sites touristiques et son patrimoine culturel mat\u00e9riel a \u00e9t\u00e9 r\u00e9cemment publi\u00e9 sous forme de beau-livre, intitul\u00e9 \u00ab\u00a0B\u00e9ja\u00efa, terre de lumi\u00e8res\u00a0\u00bb, par le talentueux photographe Rachik Bouanani qui propose de red\u00e9couvrir cette ville depuis l&rsquo;antiquit\u00e9. Ce livre de 255 pages \u00e0 [&hellip;]<\/p>\n","protected":false},"author":1790,"featured_media":0,"comment_status":"closed","ping_status":"closed","sticky":false,"template":"","format":"standard","meta":{"fifu_image_url":"","fifu_image_alt":"","footnotes":""},"categories":[53,79],"tags":[],"class_list":["post-99274","post","type-post","status-publish","format-standard","hentry","category-algerie","category-culture"],"_links":{"self":[{"href":"https:\/\/linitiative.ca\/International\/wp-json\/wp\/v2\/posts\/99274","targetHints":{"allow":["GET"]}}],"collection":[{"href":"https:\/\/linitiative.ca\/International\/wp-json\/wp\/v2\/posts"}],"about":[{"href":"https:\/\/linitiative.ca\/International\/wp-json\/wp\/v2\/types\/post"}],"author":[{"embeddable":true,"href":"https:\/\/linitiative.ca\/International\/wp-json\/wp\/v2\/users\/1790"}],"replies":[{"embeddable":true,"href":"https:\/\/linitiative.ca\/International\/wp-json\/wp\/v2\/comments?post=99274"}],"version-history":[{"count":0,"href":"https:\/\/linitiative.ca\/International\/wp-json\/wp\/v2\/posts\/99274\/revisions"}],"wp:attachment":[{"href":"https:\/\/linitiative.ca\/International\/wp-json\/wp\/v2\/media?parent=99274"}],"wp:term":[{"taxonomy":"category","embeddable":true,"href":"https:\/\/linitiative.ca\/International\/wp-json\/wp\/v2\/categories?post=99274"},{"taxonomy":"post_tag","embeddable":true,"href":"https:\/\/linitiative.ca\/International\/wp-json\/wp\/v2\/tags?post=99274"}],"curies":[{"name":"wp","href":"https:\/\/api.w.org\/{rel}","templated":true}]}}