{"id":99279,"date":"2020-09-18T18:23:22","date_gmt":"2020-09-18T22:23:22","guid":{"rendered":"https:\/\/linitiative.ca\/International\/reouverture-du-souk-hebdomadaire-dans-le-respect-des-mesures-sanitaires\/"},"modified":"2020-09-18T18:23:22","modified_gmt":"2020-09-18T22:23:22","slug":"reouverture-du-souk-hebdomadaire-dans-le-respect-des-mesures-sanitaires","status":"publish","type":"post","link":"https:\/\/linitiative.ca\/International\/reouverture-du-souk-hebdomadaire-dans-le-respect-des-mesures-sanitaires\/","title":{"rendered":"R\u00e9ouverture du souk hebdomadaire dans le respect des mesures sanitaires"},"content":{"rendered":"<div readability=\"38\">\n<p>Sidi Rahal (province d\u2019El Kela\u00e2 des Sraghna) \u2013 Les autorit\u00e9s locales ont proc\u00e9d\u00e9, vendredi, \u00e0 la r\u00e9ouverture du souk hebdomadaire de Sidi Rahal (province de Kela\u00e2 des Sraghna), dans le strict respect des mesures sanitaires et de pr\u00e9vention mises en place pour endiguer la propagation de la pand\u00e9mie du nouveau coronavirus (Covid-19).<\/p>\n<\/div>\n<div readability=\"79\">\n<p>A cette occasion, le gouverneur de la province d\u2019El Kela\u00e2 des Sraghna, M. Hicham Smahi, accompagn\u00e9 du pr\u00e9sident du conseil municipal de Sidi Rahal, M. Salaheddine Ouaamrou, et des repr\u00e9sentants des autorit\u00e9s locales, s\u2019est rendu \u00e0 ce Souk o\u00f9, l\u2019activit\u00e9 \u00e9conomique a \u00e9t\u00e9 suspendue pendant pr\u00e8s de cinq mois en raison de l\u2019\u00e9tat d\u2019urgence sanitaire d\u00e9cr\u00e9t\u00e9 par l\u2019\u00c9tat pour endiguer la propagation de la pand\u00e9mie.<\/p>\n<p>\u00ab\u00a0La r\u00e9ouverture du souk hebdomadaire de la ville s\u2019inscrit dans le cadre des efforts visant \u00e0 booster la dynamique de l\u2019\u00e9conomie locale et \u00e0 att\u00e9nuer les r\u00e9percussions sociales et \u00e9conomiques de la pand\u00e9mie sur les commer\u00e7ants et les artisans\u00a0\u00bb, a soulign\u00e9 M. Ouaamrou dans une d\u00e9claration \u00e0 la MAP.<\/p>\n<p>Et de souligner que la r\u00e9ouverture du march\u00e9 s\u2019est d\u00e9roul\u00e9e dans de \u00ab\u00a0bonnes conditions\u00a0\u00bb, marqu\u00e9e par le plein respect des mesures sanitaires, en coordination constante avec les autorit\u00e9s locales et les responsables de la commune urbaine de Sidi Rahal, la Gendarmerie Royale, les forces auxiliaires et tous les services concern\u00e9s.<\/p>\n<p>M. Ouaamrou a, par ailleurs, relev\u00e9 que la r\u00e9ouverture du souk hebdomadaire aura un impact positif sur les commer\u00e7ants, sachant qu\u2019au rang des activit\u00e9s commerciales autoris\u00e9es au sein de cet espace figurent la vente de b\u00e9tail, de denr\u00e9es alimentaires, de v\u00eatements, de produits en plastique, de l\u00e9gumes, de fruits, de c\u00e9r\u00e9ales et de fourrage, outre l\u2019exercice de certains m\u00e9tiers.<\/p>\n<p>Sous la supervision des autorit\u00e9s locales, des services s\u00e9curitaires et des d\u00e9partements concern\u00e9s, des comit\u00e9s sp\u00e9cialis\u00e9s seront mobilis\u00e9s en vue de veiller au respect scrupuleux des mesures sanitaires et de pr\u00e9vention d\u00e9cr\u00e9t\u00e9es pour limiter la propagation du nouveau coronavirus dans les rangs des vendeurs et ainsi que des clients.<\/p>\n<\/div>\n<p>Auteur: Meriem IGASS<br \/>\n<a href=\"http:\/\/www.mapmarrakech.ma\/fr\/reouverture-du-souk-hebdomadaire-dans-le-respect-des-mesures-sanitaires\/\">Cliquez ici pour lire l&rsquo;article depuis sa source.<\/a><\/p>\n","protected":false},"excerpt":{"rendered":"<p>Sidi Rahal (province d\u2019El Kela\u00e2 des Sraghna) \u2013 Les autorit\u00e9s locales ont proc\u00e9d\u00e9, vendredi, \u00e0 la r\u00e9ouverture du souk hebdomadaire de Sidi Rahal (province de Kela\u00e2 des Sraghna), dans le strict respect des mesures sanitaires et de pr\u00e9vention mises en place pour endiguer la propagation de la pand\u00e9mie du nouveau coronavirus (Covid-19). A cette occasion, [&hellip;]<\/p>\n","protected":false},"author":1788,"featured_media":0,"comment_status":"closed","ping_status":"closed","sticky":false,"template":"","format":"standard","meta":{"fifu_image_url":"","fifu_image_alt":"","footnotes":""},"categories":[54,76],"tags":[],"class_list":["post-99279","post","type-post","status-publish","format-standard","hentry","category-maroc","category-regions"],"_links":{"self":[{"href":"https:\/\/linitiative.ca\/International\/wp-json\/wp\/v2\/posts\/99279","targetHints":{"allow":["GET"]}}],"collection":[{"href":"https:\/\/linitiative.ca\/International\/wp-json\/wp\/v2\/posts"}],"about":[{"href":"https:\/\/linitiative.ca\/International\/wp-json\/wp\/v2\/types\/post"}],"author":[{"embeddable":true,"href":"https:\/\/linitiative.ca\/International\/wp-json\/wp\/v2\/users\/1788"}],"replies":[{"embeddable":true,"href":"https:\/\/linitiative.ca\/International\/wp-json\/wp\/v2\/comments?post=99279"}],"version-history":[{"count":0,"href":"https:\/\/linitiative.ca\/International\/wp-json\/wp\/v2\/posts\/99279\/revisions"}],"wp:attachment":[{"href":"https:\/\/linitiative.ca\/International\/wp-json\/wp\/v2\/media?parent=99279"}],"wp:term":[{"taxonomy":"category","embeddable":true,"href":"https:\/\/linitiative.ca\/International\/wp-json\/wp\/v2\/categories?post=99279"},{"taxonomy":"post_tag","embeddable":true,"href":"https:\/\/linitiative.ca\/International\/wp-json\/wp\/v2\/tags?post=99279"}],"curies":[{"name":"wp","href":"https:\/\/api.w.org\/{rel}","templated":true}]}}