{"id":99280,"date":"2020-09-18T18:44:16","date_gmt":"2020-09-18T22:44:16","guid":{"rendered":"https:\/\/linitiative.ca\/International\/mise-en-place-dune-strategie-contre-le-financement-du-terrorisme\/"},"modified":"2020-09-18T18:44:16","modified_gmt":"2020-09-18T22:44:16","slug":"mise-en-place-dune-strategie-contre-le-financement-du-terrorisme","status":"publish","type":"post","link":"https:\/\/linitiative.ca\/International\/mise-en-place-dune-strategie-contre-le-financement-du-terrorisme\/","title":{"rendered":"Mise en place d\u2019une strat\u00e9gie contre le financement du terrorisme"},"content":{"rendered":"<div readability=\"37\">\n<p>Safi \u2013 Le ministre de la Justice, Mohamed Ben Abdelkader, a soulign\u00e9 vendredi \u00e0 Safi, que son D\u00e9partement a mis en place une strat\u00e9gie efficace visant la qualification des professions judiciaires en mati\u00e8re de lutte contre le blanchiment d\u2019argent et le financement du terrorisme.<\/p>\n<\/div>\n<div readability=\"114\">\n<p>\u00ab\u00a0Cette strat\u00e9gie vise \u00e0 faire adh\u00e9rer les professions judiciaires (avocats, notaires et Adouls) aux efforts nationaux en mati\u00e8re de lutte contre le blanchiment d\u2019argent et le financement du terrorisme\u00a0\u00bb, a-t-il indiqu\u00e9 lors d\u2019une rencontre de communication organis\u00e9e par le minist\u00e8re de la Justice, en partenariat avec l\u2019Ordre des avocats \u00e0 Safi, autour du th\u00e8me \u00ab\u00a0Le r\u00f4le de l\u2019avocat dans la lutte contre le blanchiment de capitaux et le financement du terrorisme\u00a0\u00bb.<\/p>\n<p>Apr\u00e8s avoir relev\u00e9 que le nombre de \u00ab\u00a0d\u00e9clarations de soup\u00e7on\u00a0\u00bb de blanchiment de capitaux reste faible chez les professions judiciaires; comparativement aux organismes financiers, M. Ben Abdelkader, a assur\u00e9 que les avocats demeurent soucieux de la mise en \u0153uvre des engagements impos\u00e9s et ce, compte tenu de leur prise de conscience quant \u00e0 l\u2019importance de cette question, ses r\u00e9percussions sur les engagements internationaux du Royaume et ses impacts n\u00e9gatifs sur l\u2019\u00e9conomie nationale.<\/p>\n<p>Tout en mettant l\u2019accent sur la complexit\u00e9 et les risques r\u00e9els li\u00e9s aux crimes de blanchiment d\u2019argent et de financement du terrorisme, compte tenu de leur dimension transfrontali\u00e8re, le ministre a relev\u00e9 que le cadre juridique national adopt\u00e9 dans ce domaine a d\u00e9fini le champ d\u2019intervention des avocats, et a pr\u00e9serv\u00e9 le caract\u00e8re sacr\u00e9 de leur profession et ses sp\u00e9cificit\u00e9s.<\/p>\n<p>Dans ce contexte, M. Ben Abdelkader s\u2019est attard\u00e9 sur l\u2019engagement du minist\u00e8re en coordination et avec l\u2019assistance technique de l\u2019unit\u00e9 de traitement du renseignement financier (UTRF), dans le domaine de l\u2019accompagnement des avocats pour la mise en \u0153uvre optimale des dispositions juridiques nationales et internationales et le renforcement du r\u00f4le de l\u2019avocat dans la lutte contre le blanchiment de capitaux et le financement du terrorisme.<\/p>\n<p>\u00ab\u00a0Le minist\u00e8re programmera en coordination avec l\u2019UTRF et les syndicats de l\u2019Ordre des avocats, des rencontres de communication pour faire conna\u00eetre les obligations impos\u00e9es et les moyens \u00e0 m\u00eame de les mettre en \u0153uvre, ainsi que la fa\u00e7on dont les avocats, les notaires et les Adouls puissent s\u2019engager dans le syst\u00e8me de lutte contre le blanchiment de capitaux et le financement du terrorisme\u00a0\u00bb, a-t-il expliqu\u00e9, relevant que le minist\u00e8re proposera des guides scientifiques simplifi\u00e9s au profit des avocats dans ce domaine.<\/p>\n<p>Dans le cadre du renforcement de l\u2019arsenal juridique du Royaume dans ce domaine, M. Ben Abdelkader, a fait savoir qu\u2019une nouvelle loi, en cours d\u2019examen et discussion au Parlement, sera vot\u00e9e et publi\u00e9e prochainement dans le Bulletin Officiel. Cette loi se propose de renforcer la position et les efforts du Maroc au niveau international, dans le domaine de la lutte contre le blanchiment d\u2019argent et le financement du terrorisme et \u00e0 accroitre son attractivit\u00e9 aupr\u00e8s des investisseurs; a-t-il expliqu\u00e9.<\/p>\n<p>Par ailleurs, le ministre a estim\u00e9 que les conclusions et les r\u00e9sultats du rapport d\u2019\u00e9valuation du syst\u00e8me de lutte contre le blanchiment d\u2019argent et le financement du terrorisme mettent en \u00e9vidence les avanc\u00e9es notables qu\u2019a connues le syst\u00e8me.<\/p>\n<p>M.Ben Abdelkader a tenu \u00e9galement \u00e0 rappeler les diff\u00e9rents m\u00e9canismes juridiques mis en place par le Maroc et qui traduisent la forte volont\u00e9 du Royaume d\u2019honorer tous ses engagements envers la communaut\u00e9 internationale en mati\u00e8re de lutte contre le blanchiment d\u2019argent et le financement du terrorisme.<\/p>\n<p>De son c\u00f4t\u00e9, le B\u00e2tonnier de l\u2019Ordre des avocats \u00e0 Safi, Me Khalil Lamhoual, a fait remarquer que le Maroc adh\u00e8re fortement aux efforts de lutte contre le blanchiment de capitaux et le financement du terrorisme, \u00e0 travers l\u2019adoption, de fa\u00e7on participative, d\u2019un arsenal juridique int\u00e9gr\u00e9 en la mati\u00e8re.<\/p>\n<p>Par la m\u00eame occasion, il n\u2019a pas manqu\u00e9 d\u2019exprimer la forte adh\u00e9sion des avocats \u00e0 l\u2019ensemble des efforts nationaux men\u00e9s dans ce sens, vu les impacts n\u00e9gatifs de ces crimes sur l\u2019\u00e9conomie nationale.<\/p>\n<p>Cette rencontre de communication est la deuxi\u00e8me du genre apr\u00e8s une premi\u00e8re organis\u00e9e mercredi dernier \u00e0 Rabat, rappelle-t-on.<\/p>\n<\/div>\n<p>Auteur: Meriem IGASS<br \/>\n<a href=\"http:\/\/www.mapmarrakech.ma\/fr\/mise-en-place-dune-strategie-contre-le-financement-du-terrorisme\/\">Cliquez ici pour lire l&rsquo;article depuis sa source.<\/a><\/p>\n","protected":false},"excerpt":{"rendered":"<p>Safi \u2013 Le ministre de la Justice, Mohamed Ben Abdelkader, a soulign\u00e9 vendredi \u00e0 Safi, que son D\u00e9partement a mis en place une strat\u00e9gie efficace visant la qualification des professions judiciaires en mati\u00e8re de lutte contre le blanchiment d\u2019argent et le financement du terrorisme. \u00ab\u00a0Cette strat\u00e9gie vise \u00e0 faire adh\u00e9rer les professions judiciaires (avocats, notaires [&hellip;]<\/p>\n","protected":false},"author":1788,"featured_media":0,"comment_status":"closed","ping_status":"closed","sticky":false,"template":"","format":"standard","meta":{"fifu_image_url":"","fifu_image_alt":"","footnotes":""},"categories":[54,76],"tags":[],"class_list":["post-99280","post","type-post","status-publish","format-standard","hentry","category-maroc","category-regions"],"_links":{"self":[{"href":"https:\/\/linitiative.ca\/International\/wp-json\/wp\/v2\/posts\/99280","targetHints":{"allow":["GET"]}}],"collection":[{"href":"https:\/\/linitiative.ca\/International\/wp-json\/wp\/v2\/posts"}],"about":[{"href":"https:\/\/linitiative.ca\/International\/wp-json\/wp\/v2\/types\/post"}],"author":[{"embeddable":true,"href":"https:\/\/linitiative.ca\/International\/wp-json\/wp\/v2\/users\/1788"}],"replies":[{"embeddable":true,"href":"https:\/\/linitiative.ca\/International\/wp-json\/wp\/v2\/comments?post=99280"}],"version-history":[{"count":0,"href":"https:\/\/linitiative.ca\/International\/wp-json\/wp\/v2\/posts\/99280\/revisions"}],"wp:attachment":[{"href":"https:\/\/linitiative.ca\/International\/wp-json\/wp\/v2\/media?parent=99280"}],"wp:term":[{"taxonomy":"category","embeddable":true,"href":"https:\/\/linitiative.ca\/International\/wp-json\/wp\/v2\/categories?post=99280"},{"taxonomy":"post_tag","embeddable":true,"href":"https:\/\/linitiative.ca\/International\/wp-json\/wp\/v2\/tags?post=99280"}],"curies":[{"name":"wp","href":"https:\/\/api.w.org\/{rel}","templated":true}]}}