{"id":99281,"date":"2020-09-19T08:48:23","date_gmt":"2020-09-19T12:48:23","guid":{"rendered":"https:\/\/linitiative.ca\/International\/journee-detude-sur-la-societe-civile-et-la-relance-du-developpement\/"},"modified":"2020-09-19T08:48:23","modified_gmt":"2020-09-19T12:48:23","slug":"journee-detude-sur-la-societe-civile-et-la-relance-du-developpement","status":"publish","type":"post","link":"https:\/\/linitiative.ca\/International\/journee-detude-sur-la-societe-civile-et-la-relance-du-developpement\/","title":{"rendered":"Journ\u00e9e d\u2019\u00e9tude sur la soci\u00e9t\u00e9 civile et la relance du d\u00e9veloppement"},"content":{"rendered":"<div readability=\"35\">\n<p>Essaouira \u2013 \u00ab\u00a0Le r\u00f4le de la soci\u00e9t\u00e9 civile dans la relance du d\u00e9veloppement local\u00a0\u00bb a \u00e9t\u00e9 le th\u00e8me central d\u2019une journ\u00e9e d\u2019\u00e9tude organis\u00e9e r\u00e9cemment \u00e0 Essaouira, avec la participation d\u2019acteurs associatifs de la Cit\u00e9 des Aliz\u00e9s.<\/p>\n<\/div>\n<div readability=\"152\">\n<p>Initi\u00e9e par le Centre International de Recherche et de Renforcement de Capacit\u00e9s (CI2RC) relevant de l\u2019Ecole Sup\u00e9rieure de Technologie d\u2019Essaouira (ESTE), en partenariat avec la Fondation allemande Friedrich Naumann pour la libert\u00e9 et la Commune d\u2019Essaouira, cette rencontre a \u00e9t\u00e9 l\u2019occasion de mettre en exergue le r\u00f4le majeur jou\u00e9 par les acteurs de la soci\u00e9t\u00e9 civile pour surmonter la crise sanitaire induite par la propagation de la Covid-19, ainsi que le sens \u00e9lev\u00e9 de patriotisme et du devoir national dont ont fait preuve les associations durant la p\u00e9riode du confinement, \u00e0 travers le lancement de campagnes de sensibilisation au niveau local, dans le but d\u2019attirer l\u2019attention des citoyens sur l\u2019imp\u00e9ratif de se conformer strictement aux mesures impos\u00e9es par l\u2019\u00e9tat d\u2019urgence sanitaire.<\/p>\n<p>Cette rencontre, qui visait \u00e0 souligner l\u2019ampleur du r\u00f4le que la soci\u00e9t\u00e9 civile sera appel\u00e9e \u00e0 jouer pour relancer la machine \u00e9conomique et sociale dans la ville d\u2019Essaouira, s\u2019assignait \u00e9galement pour objectifs d\u2019\u00e9num\u00e9rer et d\u2019analyser les diff\u00e9rentes interventions des acteurs de la soci\u00e9t\u00e9 civile durant la p\u00e9riode du confinement, de pr\u00e9senter leurs exp\u00e9riences pendant cette crise sanitaire, et de d\u00e9battre de la contribution possible de la soci\u00e9t\u00e9 civile souirie au plan de relance de la ville.<\/p>\n<p>Elle avait aussi pour but de r\u00e9fl\u00e9chir sur l\u2019approche \u00e0 adopter en vue d\u2019assurer la participation de tous les citoyens, par l\u2019interm\u00e9diaire des organisations, des partenaires sociaux ou de la soci\u00e9t\u00e9 civile, ce qui permettra de r\u00e9former l\u2019\u00e9conomie et la soci\u00e9t\u00e9 et favoriser \u00e9galement son d\u00e9veloppement, ainsi que de proposer des pistes d\u2019interventions sur le terrain pour accompagner la relance de la cit\u00e9 des Aliz\u00e9s.<\/p>\n<p>Intervenant \u00e0 cette occasion, la pr\u00e9sidente du CI2RC, Mme Kholoud Kahime, a mis l\u2019accent sur l\u2019importance de la contribution de la soci\u00e9t\u00e9 civile au d\u00e9veloppement local, \u00e0 travers son \u00e9lan de solidarit\u00e9, mais aussi et surtout en termes de sensibilisation et de communication avec le citoyen autour des mesures de pr\u00e9vention contre la Covid-19.<\/p>\n<p>Elle a, dans ce sens, soulign\u00e9 que la bonne communication avec le citoyen et la facilitation de la diffusion de l\u2019information est indispensable car au final, a-t-elle expliqu\u00e9, le citoyen demeure au c\u0153ur du probl\u00e8me et doit \u00eatre accompagn\u00e9 pour mieux comprendre et s\u2019adapter aux nouvelles conditions.<\/p>\n<p>Elle a, en outre, soutenu que les associations doivent \u00eatre mieux qualifi\u00e9es \u00e0 travers la formation, afin d\u2019intervenir et agir et, in fine, aider l\u2019Etat dans ses efforts et accompagner l\u2019\u00e9volution de la situation \u00e0 l\u2019\u00e9chelle locale.<\/p>\n<p>Apr\u00e8s avoir rappel\u00e9 que le CI2RC innove sans rel\u00e2che afin de consolider son positionnement r\u00e9gional, et entend devenir un smart centre exemplaire, socialement responsable et engag\u00e9, ainsi qu\u2019un pivot de son environnement \u00e9conomique, r\u00e9gional et national, Mme Kahime a affirm\u00e9 que le Centre aspire \u00eatre un acteur central dans l\u2019accompagnement des associations dans leurs diverses actions.<\/p>\n<p>De son c\u00f4t\u00e9, le secr\u00e9taire g\u00e9n\u00e9ral de l\u2019ESTE, M. Mohamed Hadach, a mis en avant la mission et les objectifs du Centre, notamment en ce qui concerne son ouverture sur le milieu socio-\u00e9conomique de la ville d\u2019Essaouira, tout en r\u00e9affirmant la disponibilit\u00e9 du CI2RC \u00e0 faire b\u00e9n\u00e9ficier les associations de son expertise pour le renforcement des capacit\u00e9s de leurs membres et leur accompagnement dans la r\u00e9alisation de leurs objectifs.<\/p>\n<p>Pour sa part, le pr\u00e9sident de l\u2019association des \u0153uvres sociales des fonctionnaires de la Commune d\u2019Essaouira, Sa\u00efd Baqarid, a indiqu\u00e9 que les associations ont besoin de plus de libert\u00e9 et de valorisation pour intervenir efficacement.<\/p>\n<p>Il a, dans ce cadre, jet\u00e9 la lumi\u00e8re sur les diff\u00e9rentes difficult\u00e9s rencontr\u00e9es lors des compagnes et actions de solidarit\u00e9 men\u00e9es par l\u2019association.<\/p>\n<p>Lui embo\u00eetant le pas, le coordinateur de l\u2019antenne de l\u2019association \u00ab\u00a0Bayti\u00a0\u00bb \u00e0 Essaouira, M. Hassan El Kadiri, a mis en relief les actions de solidarit\u00e9 men\u00e9es par l\u2019association en faveur des familles d\u00e9munies, estimant que la nature et l\u2019ampleur des probl\u00e8mes des m\u00e9nages vuln\u00e9rables d\u00e9passent largement les ressources des associations pour intervenir avec efficacit\u00e9 et efficience.<\/p>\n<p>A ce propos, il a insist\u00e9 sur la n\u00e9cessit\u00e9 de l\u2019implication effective de l\u2019ensemble des parties prenantes dans ce noble effort.<\/p>\n<p>Quant au coordonnateur r\u00e9gional de l\u2019\u00e9ducation \u00e0 l\u2019environnement et pr\u00e9sident de communication \u00e0 l\u2019association des enseignants des sciences de la vie et de la terre \u00e0 Essaouira, M. Hicham Agroud, il a donn\u00e9 un aper\u00e7u sur le travail de l\u2019association depuis juin 2020, avec \u00e0 la cl\u00e9 une multitude d\u2019activit\u00e9s et actions en relation avec l\u2019environnement et la sensibilisation.<\/p>\n<p>Il a \u00e9galement appel\u00e9 \u00e0 l\u2019organisation de campagnes de sensibilisation en faveur de la population, notamment les enfants, tout en proposant de travailler sur le concept de l\u2019\u00e9co-quartier \u00e0 Essaouira.<\/p>\n<p>Au terme de cette journ\u00e9e d\u2019\u00e9tude, les participants ont convenu d\u2019\u0153uvrer ensemble et de mettre en place un partenariat entre les diff\u00e9rentes associations, ax\u00e9 notamment sur les \u00e9co-quartiers dans la Cit\u00e9 des Aliz\u00e9s et sur le volet de la formation et du renforcement des capacit\u00e9s des associations de la ville.<\/p>\n<\/div>\n<p>Auteur: Meriem IGASS<br \/>\n<a href=\"http:\/\/www.mapmarrakech.ma\/fr\/journee-detude-sur-la-societe-civile-et-la-relance-du-developpement\/\">Cliquez ici pour lire l&rsquo;article depuis sa source.<\/a><\/p>\n","protected":false},"excerpt":{"rendered":"<p>Essaouira \u2013 \u00ab\u00a0Le r\u00f4le de la soci\u00e9t\u00e9 civile dans la relance du d\u00e9veloppement local\u00a0\u00bb a \u00e9t\u00e9 le th\u00e8me central d\u2019une journ\u00e9e d\u2019\u00e9tude organis\u00e9e r\u00e9cemment \u00e0 Essaouira, avec la participation d\u2019acteurs associatifs de la Cit\u00e9 des Aliz\u00e9s. Initi\u00e9e par le Centre International de Recherche et de Renforcement de Capacit\u00e9s (CI2RC) relevant de l\u2019Ecole Sup\u00e9rieure de Technologie [&hellip;]<\/p>\n","protected":false},"author":1788,"featured_media":0,"comment_status":"closed","ping_status":"closed","sticky":false,"template":"","format":"standard","meta":{"fifu_image_url":"","fifu_image_alt":"","footnotes":""},"categories":[54,76],"tags":[],"class_list":["post-99281","post","type-post","status-publish","format-standard","hentry","category-maroc","category-regions"],"_links":{"self":[{"href":"https:\/\/linitiative.ca\/International\/wp-json\/wp\/v2\/posts\/99281","targetHints":{"allow":["GET"]}}],"collection":[{"href":"https:\/\/linitiative.ca\/International\/wp-json\/wp\/v2\/posts"}],"about":[{"href":"https:\/\/linitiative.ca\/International\/wp-json\/wp\/v2\/types\/post"}],"author":[{"embeddable":true,"href":"https:\/\/linitiative.ca\/International\/wp-json\/wp\/v2\/users\/1788"}],"replies":[{"embeddable":true,"href":"https:\/\/linitiative.ca\/International\/wp-json\/wp\/v2\/comments?post=99281"}],"version-history":[{"count":0,"href":"https:\/\/linitiative.ca\/International\/wp-json\/wp\/v2\/posts\/99281\/revisions"}],"wp:attachment":[{"href":"https:\/\/linitiative.ca\/International\/wp-json\/wp\/v2\/media?parent=99281"}],"wp:term":[{"taxonomy":"category","embeddable":true,"href":"https:\/\/linitiative.ca\/International\/wp-json\/wp\/v2\/categories?post=99281"},{"taxonomy":"post_tag","embeddable":true,"href":"https:\/\/linitiative.ca\/International\/wp-json\/wp\/v2\/tags?post=99281"}],"curies":[{"name":"wp","href":"https:\/\/api.w.org\/{rel}","templated":true}]}}