{"id":99282,"date":"2020-09-19T08:57:27","date_gmt":"2020-09-19T12:57:27","guid":{"rendered":"https:\/\/linitiative.ca\/International\/inauguration-dun-tribunal-de-premiere-instance\/"},"modified":"2020-09-19T08:57:27","modified_gmt":"2020-09-19T12:57:27","slug":"inauguration-dun-tribunal-de-premiere-instance","status":"publish","type":"post","link":"https:\/\/linitiative.ca\/International\/inauguration-dun-tribunal-de-premiere-instance\/","title":{"rendered":"Inauguration d\u2019un tribunal de premi\u00e8re instance"},"content":{"rendered":"<div readability=\"37\">\n<p>Youssoufia \u2013 Un tribunal de premi\u00e8re instance et une section de la justice de famille ont \u00e9t\u00e9 inaugur\u00e9s, vendredi \u00e0 Youssoufia, en pr\u00e9sence du ministre de la Justice, M. Mohamed Ben Abdelkader.<\/p>\n<\/div>\n<div readability=\"96\">\n<p>La r\u00e9alisation de ces structures judiciaires, construites sur 13.000 m2, dont 8.594 m2 couverte, pour un co\u00fbt global de 43,9 millions de dirhams, s\u2019inscrit dans le cadre du Programme national de construction et de mise \u00e0 niveau de nouveaux tribunaux, visant \u00e0 assurer un meilleur acc\u00e8s\u00a0\u00e0 la Justice.<\/p>\n<p>Le tribunal de premi\u00e8re instance comporte 58 bureaux, 3 salles d\u2019audience, des espaces d\u2019accueil, 2 bureaux r\u00e9serv\u00e9s aux responsables judiciaires, une salle de r\u00e9union, une autre pour la formation, deux salles multifonctions, en plus d\u2019une mosqu\u00e9e, une buvette, un espace d\u00e9di\u00e9 aux archives et des espaces de d\u00e9tention.<\/p>\n<p>De son c\u00f4t\u00e9, la section de la justice de famille comprend seize bureaux, deux salles d\u2019audience et deux salles d\u00e9di\u00e9es aux responsables judiciaires, outre un sous-sol comportant notamment six bureaux et un espace d\u00e9di\u00e9 aux archives.<\/p>\n<p>La c\u00e9r\u00e9monie d\u2019inauguration officielle du tribunal de premi\u00e8re instance et de la section de la justice de famille s\u2019est d\u00e9roul\u00e9e en pr\u00e9sence notamment du gouverneur de la province de Youssoufia, de responsables judiciaires et d\u2019\u00e9lus locaux.<\/p>\n<p>Dans une d\u00e9claration \u00e0 la presse \u00e0 cette occasion, M. Ben Abdelkader s\u2019est f\u00e9licit\u00e9 de la r\u00e9alisation de ces deux structures judiciaires qui viennent concr\u00e9tiser la vision du minist\u00e8re, qui\u00a0veille \u00e0 permettre aux composantes de la Justice de travailler dans de bonnes conditions.<\/p>\n<p>Ces \u00e9tablissements sont des projets structurants dans l\u2019espace de cette ville du point de vue de sa position g\u00e9ographique strat\u00e9gique et de ses normes architecturales alliant authenticit\u00e9 et modernit\u00e9, a-t-il relev\u00e9, faisant part de son admiration pour l\u2019architecture de la section de la justice de famille, qui constitue un v\u00e9ritable joyau architectural.<\/p>\n<p>Pour rappel, plusieurs projets sont en cours de r\u00e9alisation dans le domaine judiciaire dans les provinces de Safi et de Youssoufia: la construction du\u00a0tribunal de premi\u00e8re instance et d\u2019une section de la justice de famille \u00e0 Essaouira (88,2 MDH), du centre du juge r\u00e9sident \u00e0 El Hanchane (13,1 MDH), du centre du juge r\u00e9sident \u00e0 Tamanar (8,8 MDH) et du centre du juge r\u00e9sident \u00e0 Sebt Gzoula (8,2 MDH), ainsi que la mise \u00e0 niveau du centre du juge r\u00e9sident \u00e0 Chemaia (2,5 MDH) et de celui du juge r\u00e9sident \u00e0 Jema\u00e2 Shaim (3,6 MDH).<\/p>\n<\/div>\n<p>Auteur: Meriem IGASS<br \/>\n<a href=\"http:\/\/www.mapmarrakech.ma\/fr\/inauguration-dun-tribunal-de-premiere-instance\/\">Cliquez ici pour lire l&rsquo;article depuis sa source.<\/a><\/p>\n","protected":false},"excerpt":{"rendered":"<p>Youssoufia \u2013 Un tribunal de premi\u00e8re instance et une section de la justice de famille ont \u00e9t\u00e9 inaugur\u00e9s, vendredi \u00e0 Youssoufia, en pr\u00e9sence du ministre de la Justice, M. Mohamed Ben Abdelkader. La r\u00e9alisation de ces structures judiciaires, construites sur 13.000 m2, dont 8.594 m2 couverte, pour un co\u00fbt global de 43,9 millions de dirhams, [&hellip;]<\/p>\n","protected":false},"author":1788,"featured_media":0,"comment_status":"closed","ping_status":"closed","sticky":false,"template":"","format":"standard","meta":{"fifu_image_url":"","fifu_image_alt":"","footnotes":""},"categories":[54,76],"tags":[],"class_list":["post-99282","post","type-post","status-publish","format-standard","hentry","category-maroc","category-regions"],"_links":{"self":[{"href":"https:\/\/linitiative.ca\/International\/wp-json\/wp\/v2\/posts\/99282","targetHints":{"allow":["GET"]}}],"collection":[{"href":"https:\/\/linitiative.ca\/International\/wp-json\/wp\/v2\/posts"}],"about":[{"href":"https:\/\/linitiative.ca\/International\/wp-json\/wp\/v2\/types\/post"}],"author":[{"embeddable":true,"href":"https:\/\/linitiative.ca\/International\/wp-json\/wp\/v2\/users\/1788"}],"replies":[{"embeddable":true,"href":"https:\/\/linitiative.ca\/International\/wp-json\/wp\/v2\/comments?post=99282"}],"version-history":[{"count":0,"href":"https:\/\/linitiative.ca\/International\/wp-json\/wp\/v2\/posts\/99282\/revisions"}],"wp:attachment":[{"href":"https:\/\/linitiative.ca\/International\/wp-json\/wp\/v2\/media?parent=99282"}],"wp:term":[{"taxonomy":"category","embeddable":true,"href":"https:\/\/linitiative.ca\/International\/wp-json\/wp\/v2\/categories?post=99282"},{"taxonomy":"post_tag","embeddable":true,"href":"https:\/\/linitiative.ca\/International\/wp-json\/wp\/v2\/tags?post=99282"}],"curies":[{"name":"wp","href":"https:\/\/api.w.org\/{rel}","templated":true}]}}