{"id":99283,"date":"2020-09-19T09:01:26","date_gmt":"2020-09-19T13:01:26","guid":{"rendered":"https:\/\/linitiative.ca\/International\/formation-sur-le-programme-tayssir-au-profit-des-cadres-pedagogiques\/"},"modified":"2020-09-19T09:01:26","modified_gmt":"2020-09-19T13:01:26","slug":"formation-sur-le-programme-tayssir-au-profit-des-cadres-pedagogiques","status":"publish","type":"post","link":"https:\/\/linitiative.ca\/International\/formation-sur-le-programme-tayssir-au-profit-des-cadres-pedagogiques\/","title":{"rendered":"Formation sur le programme \u00ab\u00a0Tayssir\u00a0\u00bb au profit des cadres p\u00e9dagogiques"},"content":{"rendered":"<div class=\"single-featured\"><img alt=\"\" data-src=\"http:\/\/www.mapmarrakech.ma\/map\/uploads\/2020\/09\/formation-chichaoua-copier.jpg\"\/><\/div>\n<div class=\"single-post-excerpt post-excerpt-bc\" readability=\"38\">\n<p>Chichaoua \u2013 Des sessions de formation ont \u00e9t\u00e9 organis\u00e9es, du 15 au 17 septembre, par la direction provinciale de l\u2019Education nationale \u00e0 Chichaoua au profit des cadres p\u00e9dagogiques, sur le programme \u00ab\u00a0Tayssir\u00a0\u00bb des transferts mon\u00e9taires conditionnels au titre de l\u2019ann\u00e9e scolaire 2020-2021.<\/p>\n<\/div>\n<div class=\"entry-content clearfix single-post-content\" readability=\"64\">\n<p>Ces formations, qui se sont d\u00e9roul\u00e9es dans le strict respect des mesures pr\u00e9ventives contre la pand\u00e9mie de la Covid-19, ont cibl\u00e9 les directrices et directeurs des \u00e9tablissements scolaires du primaire et du coll\u00e9gial concern\u00e9s par ledit programme, dont b\u00e9n\u00e9ficient les familles des \u00e9l\u00e8ves d\u00e9munis afin de leur porter assistance et de les encourager \u00e0 permettre \u00e0 leurs enfants de jouir de leur droit \u00e0 l\u2019enseignement.<\/p>\n<p>Encadr\u00e9es par la coordinatrice de l\u2019appui social au sein de la direction provinciale de l\u2019Education nationale en compagnie du directeur du groupe scolaire \u00ab\u00a0Altas\u00a0\u00bb, ces sessions ont port\u00e9 sur l\u2019aspect proc\u00e9dural relatif au programme \u00ab\u00a0Tayssir\u00a0\u00bb, ce qui a permis aux cadres p\u00e9dagogiques de prendre connaissance des nouveaut\u00e9s du guide des proc\u00e9dures adopt\u00e9 dans le programme actualis\u00e9 en f\u00e9vrier 2019.<\/p>\n<p>Elles ont aussi comport\u00e9 un volet technique relatif au guide d\u2019utilisation du programme \u00ab\u00a0Tayssir\u00a0\u00bb dans le syst\u00e8me \u00ab\u00a0Massar\u00a0\u00bb.<\/p>\n<p>A rappeler que le programme \u00ab\u00a0Tayssir\u00a0\u00bb des transferts mon\u00e9taires conditionnels fournit un appui financier aux familles d\u00e9munies, en vue de limiter la d\u00e9perdition scolaire, \u00e0 partir de la lutte contre certains facteurs qui emp\u00eachent l\u2019acc\u00e8s des enfants de ces familles \u00e0 l\u2019enseignement obligatoire, et ce en leur versant des bourses de scolarit\u00e9, 10 mois par an.<\/p>\n<p>G\u00e9r\u00e9 par l\u2019Association Marocaine d\u2019appui \u00e0 la scolarisation en partenariat avec le Conseil Sup\u00e9rieur de l\u2019Education, de la Formation et de la Recherche scientifique et le minist\u00e8re de l\u2019Education nationale, ce programme est destin\u00e9 en particulier aux r\u00e9gions pauvres cibl\u00e9es par l\u2019Initiative Nationale pour le D\u00e9veloppement Humain (INDH) et souffrant d\u2019un taux de pauvret\u00e9 et de d\u00e9perdition scolaire \u00e9lev\u00e9.<\/p>\n<\/div>\n<p>Auteur: Meriem IGASS<br \/>\n<a href=\"http:\/\/www.mapmarrakech.ma\/fr\/formation-sur-le-programme-tayssir-au-profit-des-cadres-pedagogiques\/\">Cliquez ici pour lire l&rsquo;article depuis sa source.<\/a><\/p>\n","protected":false},"excerpt":{"rendered":"<p>Chichaoua \u2013 Des sessions de formation ont \u00e9t\u00e9 organis\u00e9es, du 15 au 17 septembre, par la direction provinciale de l\u2019Education nationale \u00e0 Chichaoua au profit des cadres p\u00e9dagogiques, sur le programme \u00ab\u00a0Tayssir\u00a0\u00bb des transferts mon\u00e9taires conditionnels au titre de l\u2019ann\u00e9e scolaire 2020-2021. Ces formations, qui se sont d\u00e9roul\u00e9es dans le strict respect des mesures pr\u00e9ventives [&hellip;]<\/p>\n","protected":false},"author":1788,"featured_media":99284,"comment_status":"closed","ping_status":"closed","sticky":false,"template":"","format":"standard","meta":{"fifu_image_url":"","fifu_image_alt":"","footnotes":""},"categories":[54,76],"tags":[],"class_list":["post-99283","post","type-post","status-publish","format-standard","has-post-thumbnail","hentry","category-maroc","category-regions"],"_links":{"self":[{"href":"https:\/\/linitiative.ca\/International\/wp-json\/wp\/v2\/posts\/99283","targetHints":{"allow":["GET"]}}],"collection":[{"href":"https:\/\/linitiative.ca\/International\/wp-json\/wp\/v2\/posts"}],"about":[{"href":"https:\/\/linitiative.ca\/International\/wp-json\/wp\/v2\/types\/post"}],"author":[{"embeddable":true,"href":"https:\/\/linitiative.ca\/International\/wp-json\/wp\/v2\/users\/1788"}],"replies":[{"embeddable":true,"href":"https:\/\/linitiative.ca\/International\/wp-json\/wp\/v2\/comments?post=99283"}],"version-history":[{"count":0,"href":"https:\/\/linitiative.ca\/International\/wp-json\/wp\/v2\/posts\/99283\/revisions"}],"wp:featuredmedia":[{"embeddable":true,"href":"https:\/\/linitiative.ca\/International\/wp-json\/"}],"wp:attachment":[{"href":"https:\/\/linitiative.ca\/International\/wp-json\/wp\/v2\/media?parent=99283"}],"wp:term":[{"taxonomy":"category","embeddable":true,"href":"https:\/\/linitiative.ca\/International\/wp-json\/wp\/v2\/categories?post=99283"},{"taxonomy":"post_tag","embeddable":true,"href":"https:\/\/linitiative.ca\/International\/wp-json\/wp\/v2\/tags?post=99283"}],"curies":[{"name":"wp","href":"https:\/\/api.w.org\/{rel}","templated":true}]}}