{"id":99287,"date":"2020-09-19T14:53:20","date_gmt":"2020-09-19T18:53:20","guid":{"rendered":"https:\/\/linitiative.ca\/International\/la-bei-prete-200-millions-deuros-a-cam\/"},"modified":"2020-09-19T14:53:20","modified_gmt":"2020-09-19T18:53:20","slug":"la-bei-prete-200-millions-deuros-a-cam","status":"publish","type":"post","link":"https:\/\/linitiative.ca\/International\/la-bei-prete-200-millions-deuros-a-cam\/","title":{"rendered":"La BEI pr\u00eate 200 millions d\u2019euros \u00e0 CAM"},"content":{"rendered":"<div class=\"body\">\n<div class=\"field field-name-body field-type-text-with-summary field-label-hidden\">\n<div class=\"field-items\" readability=\"8.5\">\n<div class=\"field-item even\" property=\"content:encoded\" readability=\"12\">\n<p class=\"rtejustify\">La Banque Europ\u00e9enne d\u2019Investissement apporte son soutien financier \u00e0 la nouvelle strat\u00e9gie agricole du Maroc \u00abGreen G\u00e9n\u00e9ration 2020-2030\u00bb. Elle vient, pour ce faire, d\u2019accorder un financement au Cr\u00e9dit Agricole du Maroc d\u2019un montant de 200 millions d\u2019euros pour l\u2019accompagnement des \u00e9cosyst\u00e8mes agricoles. Ces fonds sont ainsi destin\u00e9s \u00e0 soutenir les entreprises dans le secteur de la bio-\u00e9conomie et de l\u2019agriculture. Ce pr\u00eat est d\u2019une assistance technique pour appuyer le CAM dans la digitalisation des cha\u00eenes de valeur agricoles et le financement vert. \u00a0<br \/><em>M.A.B.<\/em><\/p>\n<\/div>\n<\/div>\n<\/div>\n<\/div>\n<div class=\"eco-conseil\">\n<div class=\"view view-eco-conseil-16 view-id-eco_conseil_16 view-display-id-cookies view-dom-id-aca8f51fd819b0f3b27532da6fe9efe5\">\n<div class=\"view-content\">\n<div id=\"views-bootstrap-grid-1\" class=\"views-bootstrap-grid-plugin-style\">\n<div class=\"row\">\n<div class=\" col-xs-12 col-lg-4\">\n<div class=\"row\">\n<div class=\"col col-xs-12 col-lg-12\">\n<div class=\"field-content\"><a href=\"\/article\/1067374-vol-de-bagages-l-aeroport-mohammed-v\"><img loading=\"lazy\" decoding=\"async\" class=\"img-responsive\" typeof=\"foaf:Image\" src=\"https:\/\/www.leconomiste.com\/sites\/default\/files\/eco7\/public\/styles\/800x400\/public\/default_images\/default_une.jpg?itok=4jZlgnIZ\" width=\"660\" height=\"330\" alt=\"\"\/><\/a><\/div>\n<\/div>\n<div class=\" title_suite_2 col col-xs-12 col-lg-12\"> <a href=\"\/article\/1067374-vol-de-bagages-l-aeroport-mohammed-v\"\/><span class=\"field-content\">Vol de bagages \u00e0 l\u2019a\u00e9roport Mohammed V<\/span><\/div>\n<\/div>\n<\/div>\n<div class=\" col-xs-12 col-lg-4\">\n<div class=\"row\">\n<div class=\"col col-xs-12 col-lg-12\">\n<div class=\"field-content\"><a href=\"\/article\/1067373-un-collectif-de-parents-porte-plainte-contre-le-gouvernement\"><img loading=\"lazy\" decoding=\"async\" class=\"img-responsive\" typeof=\"foaf:Image\" src=\"https:\/\/www.leconomiste.com\/sites\/default\/files\/eco7\/public\/styles\/800x400\/public\/default_images\/default_une.jpg?itok=4jZlgnIZ\" width=\"660\" height=\"330\" alt=\"\"\/><\/a><\/div>\n<\/div>\n<div class=\" title_suite_2 col col-xs-12 col-lg-12\"> <a href=\"\/article\/1067373-un-collectif-de-parents-porte-plainte-contre-le-gouvernement\"\/><span class=\"field-content\">Un Collectif de parents porte plainte contre le gouvernement<\/span><\/div>\n<\/div>\n<\/div>\n<div class=\" col-xs-12 col-lg-4\">\n<div class=\"row\">\n<div class=\"col col-xs-12 col-lg-12\">\n<div class=\"field-content\"><a href=\"\/article\/1067372-place-marketing-design-bonzai-rachete-une-agence-francaise\"><img loading=\"lazy\" decoding=\"async\" class=\"img-responsive\" typeof=\"foaf:Image\" src=\"https:\/\/www.leconomiste.com\/sites\/default\/files\/eco7\/public\/styles\/800x400\/public\/default_images\/default_une.jpg?itok=4jZlgnIZ\" width=\"660\" height=\"330\" alt=\"\"\/><\/a><\/div>\n<\/div>\n<div class=\" title_suite_2 col col-xs-12 col-lg-12\"> <a href=\"\/article\/1067372-place-marketing-design-bonzai-rachete-une-agence-francaise\"\/><span class=\"field-content\">Place Marketing &amp; Design: Bonzai rach\u00e8te une agence fran\u00e7aise <\/span><\/div>\n<\/div>\n<\/div>\n<\/div>\n<\/div>\n<\/div>\n<\/div>\n<\/div>\n<p>Auteur: hlafriqi<br \/>\n<a href=\"https:\/\/www.leconomiste.com\/article\/1067370-la-bei-prete-200-millions-d-euros-cam\">Cliquez ici pour lire l&rsquo;article depuis sa source.<\/a><\/p>\n","protected":false},"excerpt":{"rendered":"<p>La Banque Europ\u00e9enne d\u2019Investissement apporte son soutien financier \u00e0 la nouvelle strat\u00e9gie agricole du Maroc \u00abGreen G\u00e9n\u00e9ration 2020-2030\u00bb. Elle vient, pour ce faire, d\u2019accorder un financement au Cr\u00e9dit Agricole du Maroc d\u2019un montant de 200 millions d\u2019euros pour l\u2019accompagnement des \u00e9cosyst\u00e8mes agricoles. Ces fonds sont ainsi destin\u00e9s \u00e0 soutenir les entreprises dans le secteur de [&hellip;]<\/p>\n","protected":false},"author":1763,"featured_media":0,"comment_status":"closed","ping_status":"closed","sticky":false,"template":"","format":"standard","meta":{"fifu_image_url":"","fifu_image_alt":"","footnotes":""},"categories":[78,54],"tags":[],"class_list":["post-99287","post","type-post","status-publish","format-standard","hentry","category-economie","category-maroc"],"_links":{"self":[{"href":"https:\/\/linitiative.ca\/International\/wp-json\/wp\/v2\/posts\/99287","targetHints":{"allow":["GET"]}}],"collection":[{"href":"https:\/\/linitiative.ca\/International\/wp-json\/wp\/v2\/posts"}],"about":[{"href":"https:\/\/linitiative.ca\/International\/wp-json\/wp\/v2\/types\/post"}],"author":[{"embeddable":true,"href":"https:\/\/linitiative.ca\/International\/wp-json\/wp\/v2\/users\/1763"}],"replies":[{"embeddable":true,"href":"https:\/\/linitiative.ca\/International\/wp-json\/wp\/v2\/comments?post=99287"}],"version-history":[{"count":0,"href":"https:\/\/linitiative.ca\/International\/wp-json\/wp\/v2\/posts\/99287\/revisions"}],"wp:attachment":[{"href":"https:\/\/linitiative.ca\/International\/wp-json\/wp\/v2\/media?parent=99287"}],"wp:term":[{"taxonomy":"category","embeddable":true,"href":"https:\/\/linitiative.ca\/International\/wp-json\/wp\/v2\/categories?post=99287"},{"taxonomy":"post_tag","embeddable":true,"href":"https:\/\/linitiative.ca\/International\/wp-json\/wp\/v2\/tags?post=99287"}],"curies":[{"name":"wp","href":"https:\/\/api.w.org\/{rel}","templated":true}]}}