{"id":99288,"date":"2020-09-19T14:53:22","date_gmt":"2020-09-19T18:53:22","guid":{"rendered":"https:\/\/linitiative.ca\/International\/plf-2021-benchaaboun-au-parlement-le-28-septembre\/"},"modified":"2020-09-19T14:53:22","modified_gmt":"2020-09-19T18:53:22","slug":"plf-2021-benchaaboun-au-parlement-le-28-septembre","status":"publish","type":"post","link":"https:\/\/linitiative.ca\/International\/plf-2021-benchaaboun-au-parlement-le-28-septembre\/","title":{"rendered":"PLF 2021: Bencha\u00e2boun au Parlement le 28 septembre"},"content":{"rendered":"<div class=\"body\">\n<div class=\"field field-name-body field-type-text-with-summary field-label-hidden\">\n<div class=\"field-items\" readability=\"7.5\">\n<div class=\"field-item even\" property=\"content:encoded\" readability=\"10\">\n<p class=\"rtejustify\">Mohamed Bencha\u00e2boun est attendu \u00e0 la Chambre des repr\u00e9sentants le lundi 28 septembre prochain. Le ministre est attendu par les membres de la Commission des finances pour pr\u00e9senter le cadre g\u00e9n\u00e9ral de pr\u00e9paration du projet de loi de Finances 2021. Bencha\u00e2boun fera \u00e9galement le point sur l\u2019ex\u00e9cution du Budget 2020 durant les 6 premiers mois de l\u2019ann\u00e9e.<br \/><em>M.A.M.<\/em><\/p>\n<\/div>\n<\/div>\n<\/div>\n<\/div>\n<div class=\"eco-conseil\">\n<div class=\"view view-eco-conseil-16 view-id-eco_conseil_16 view-display-id-cookies view-dom-id-e337cc1095e3cd5d8f6b809318ae3d9e\">\n<div class=\"view-content\">\n<div id=\"views-bootstrap-grid-1\" class=\"views-bootstrap-grid-plugin-style\">\n<div class=\"row\">\n<div class=\" col-xs-12 col-lg-4\">\n<div class=\"row\">\n<div class=\"col col-xs-12 col-lg-12\">\n<div class=\"field-content\"><a href=\"\/article\/1067374-vol-de-bagages-l-aeroport-mohammed-v\"><img loading=\"lazy\" decoding=\"async\" class=\"img-responsive\" typeof=\"foaf:Image\" src=\"https:\/\/www.leconomiste.com\/sites\/default\/files\/eco7\/public\/styles\/800x400\/public\/default_images\/default_une.jpg?itok=4jZlgnIZ\" width=\"660\" height=\"330\" alt=\"\"\/><\/a><\/div>\n<\/div>\n<div class=\" title_suite_2 col col-xs-12 col-lg-12\"> <a href=\"\/article\/1067374-vol-de-bagages-l-aeroport-mohammed-v\"\/><span class=\"field-content\">Vol de bagages \u00e0 l\u2019a\u00e9roport Mohammed V<\/span><\/div>\n<\/div>\n<\/div>\n<div class=\" col-xs-12 col-lg-4\">\n<div class=\"row\">\n<div class=\"col col-xs-12 col-lg-12\">\n<div class=\"field-content\"><a href=\"\/article\/1067373-un-collectif-de-parents-porte-plainte-contre-le-gouvernement\"><img loading=\"lazy\" decoding=\"async\" class=\"img-responsive\" typeof=\"foaf:Image\" src=\"https:\/\/www.leconomiste.com\/sites\/default\/files\/eco7\/public\/styles\/800x400\/public\/default_images\/default_une.jpg?itok=4jZlgnIZ\" width=\"660\" height=\"330\" alt=\"\"\/><\/a><\/div>\n<\/div>\n<div class=\" title_suite_2 col col-xs-12 col-lg-12\"> <a href=\"\/article\/1067373-un-collectif-de-parents-porte-plainte-contre-le-gouvernement\"\/><span class=\"field-content\">Un Collectif de parents porte plainte contre le gouvernement<\/span><\/div>\n<\/div>\n<\/div>\n<div class=\" col-xs-12 col-lg-4\">\n<div class=\"row\">\n<div class=\"col col-xs-12 col-lg-12\">\n<div class=\"field-content\"><a href=\"\/article\/1067372-place-marketing-design-bonzai-rachete-une-agence-francaise\"><img loading=\"lazy\" decoding=\"async\" class=\"img-responsive\" typeof=\"foaf:Image\" src=\"https:\/\/www.leconomiste.com\/sites\/default\/files\/eco7\/public\/styles\/800x400\/public\/default_images\/default_une.jpg?itok=4jZlgnIZ\" width=\"660\" height=\"330\" alt=\"\"\/><\/a><\/div>\n<\/div>\n<div class=\" title_suite_2 col col-xs-12 col-lg-12\"> <a href=\"\/article\/1067372-place-marketing-design-bonzai-rachete-une-agence-francaise\"\/><span class=\"field-content\">Place Marketing &amp; Design: Bonzai rach\u00e8te une agence fran\u00e7aise <\/span><\/div>\n<\/div>\n<\/div>\n<\/div>\n<\/div>\n<\/div>\n<\/div>\n<\/div>\n<p>Auteur: hlafriqi<br \/>\n<a href=\"https:\/\/www.leconomiste.com\/article\/1067371-plf-2021-benchaaboun-au-parlement-le-28-septembre\">Cliquez ici pour lire l&rsquo;article depuis sa source.<\/a><\/p>\n","protected":false},"excerpt":{"rendered":"<p>Mohamed Bencha\u00e2boun est attendu \u00e0 la Chambre des repr\u00e9sentants le lundi 28 septembre prochain. Le ministre est attendu par les membres de la Commission des finances pour pr\u00e9senter le cadre g\u00e9n\u00e9ral de pr\u00e9paration du projet de loi de Finances 2021. Bencha\u00e2boun fera \u00e9galement le point sur l\u2019ex\u00e9cution du Budget 2020 durant les 6 premiers mois [&hellip;]<\/p>\n","protected":false},"author":1763,"featured_media":0,"comment_status":"closed","ping_status":"closed","sticky":false,"template":"","format":"standard","meta":{"fifu_image_url":"","fifu_image_alt":"","footnotes":""},"categories":[78,54],"tags":[],"class_list":["post-99288","post","type-post","status-publish","format-standard","hentry","category-economie","category-maroc"],"_links":{"self":[{"href":"https:\/\/linitiative.ca\/International\/wp-json\/wp\/v2\/posts\/99288","targetHints":{"allow":["GET"]}}],"collection":[{"href":"https:\/\/linitiative.ca\/International\/wp-json\/wp\/v2\/posts"}],"about":[{"href":"https:\/\/linitiative.ca\/International\/wp-json\/wp\/v2\/types\/post"}],"author":[{"embeddable":true,"href":"https:\/\/linitiative.ca\/International\/wp-json\/wp\/v2\/users\/1763"}],"replies":[{"embeddable":true,"href":"https:\/\/linitiative.ca\/International\/wp-json\/wp\/v2\/comments?post=99288"}],"version-history":[{"count":0,"href":"https:\/\/linitiative.ca\/International\/wp-json\/wp\/v2\/posts\/99288\/revisions"}],"wp:attachment":[{"href":"https:\/\/linitiative.ca\/International\/wp-json\/wp\/v2\/media?parent=99288"}],"wp:term":[{"taxonomy":"category","embeddable":true,"href":"https:\/\/linitiative.ca\/International\/wp-json\/wp\/v2\/categories?post=99288"},{"taxonomy":"post_tag","embeddable":true,"href":"https:\/\/linitiative.ca\/International\/wp-json\/wp\/v2\/tags?post=99288"}],"curies":[{"name":"wp","href":"https:\/\/api.w.org\/{rel}","templated":true}]}}