{"id":99289,"date":"2020-09-19T14:53:24","date_gmt":"2020-09-19T18:53:24","guid":{"rendered":"https:\/\/linitiative.ca\/International\/place-marketing-design-bonzai-rachete-une-agence-francaise\/"},"modified":"2020-09-19T14:53:24","modified_gmt":"2020-09-19T18:53:24","slug":"place-marketing-design-bonzai-rachete-une-agence-francaise","status":"publish","type":"post","link":"https:\/\/linitiative.ca\/International\/place-marketing-design-bonzai-rachete-une-agence-francaise\/","title":{"rendered":"Place Marketing &amp; Design: Bonzai rach\u00e8te une agence fran\u00e7aise"},"content":{"rendered":"<div class=\"body\">\n<div class=\"field field-name-body field-type-text-with-summary field-label-hidden\">\n<div class=\"field-items\" readability=\"13.5\">\n<div class=\"field-item even\" property=\"content:encoded\" readability=\"22\">\n<p class=\"rtejustify\">Croissance externe pour Bonzai. L\u2019agence de communication \u00e9largit ses horizons en faisant l\u2019acquisition de Surfaces, le sp\u00e9cialiste parisien Place Marketing &amp; Design. De quoi consacrer son positionnement d\u2019agence de design global ayant pour vocation \u00abd\u2019augmenter la valeur des lieux et leur attractivit\u00e9\u00bb. A travers cette op\u00e9ration, dont le montant n\u2019a pas \u00e9t\u00e9 d\u00e9voil\u00e9, Bonzai veut se positionner comme \u00able partenaire privil\u00e9gi\u00e9 des d\u00e9veloppeurs et gestionnaires de lieux de vie (Malls, F&amp;B venues, quartiers, h\u00f4tels, projets immobiliers&#8230;)\u00bb. Il faut dire que les deux entit\u00e9s ont accompagn\u00e9 plus de 50 territoires et plus de 250 lancements de programmes immobiliers au Maroc et en France parmi lesquels le nouveau p\u00f4le urbain Casa-Anfa, la tour CFC, la ville de Saidia, les Docks \u00e0 Marseille, l\u2019\u00e9co-quartier Woodi \u00e0 Melun, le Campus Charles Zviack \u00e0 Paris.<br \/><em>M.A.B.<\/em><\/p>\n<\/div>\n<\/div>\n<\/div>\n<\/div>\n<div class=\"eco-conseil\">\n<div class=\"view view-eco-conseil-16 view-id-eco_conseil_16 view-display-id-cookies view-dom-id-84ccbdcf2f096475d0036831f7c64d38\">\n<div class=\"view-content\">\n<div id=\"views-bootstrap-grid-1\" class=\"views-bootstrap-grid-plugin-style\">\n<div class=\"row\">\n<div class=\" col-xs-12 col-lg-4\">\n<div class=\"row\">\n<div class=\"col col-xs-12 col-lg-12\">\n<div class=\"field-content\"><a href=\"\/article\/1067374-vol-de-bagages-l-aeroport-mohammed-v\"><img loading=\"lazy\" decoding=\"async\" class=\"img-responsive\" typeof=\"foaf:Image\" src=\"https:\/\/www.leconomiste.com\/sites\/default\/files\/eco7\/public\/styles\/800x400\/public\/default_images\/default_une.jpg?itok=4jZlgnIZ\" width=\"660\" height=\"330\" alt=\"\"\/><\/a><\/div>\n<\/div>\n<div class=\" title_suite_2 col col-xs-12 col-lg-12\"> <a href=\"\/article\/1067374-vol-de-bagages-l-aeroport-mohammed-v\"\/><span class=\"field-content\">Vol de bagages \u00e0 l\u2019a\u00e9roport Mohammed V<\/span><\/div>\n<\/div>\n<\/div>\n<div class=\" col-xs-12 col-lg-4\">\n<div class=\"row\">\n<div class=\"col col-xs-12 col-lg-12\">\n<div class=\"field-content\"><a href=\"\/article\/1067373-un-collectif-de-parents-porte-plainte-contre-le-gouvernement\"><img loading=\"lazy\" decoding=\"async\" class=\"img-responsive\" typeof=\"foaf:Image\" src=\"https:\/\/www.leconomiste.com\/sites\/default\/files\/eco7\/public\/styles\/800x400\/public\/default_images\/default_une.jpg?itok=4jZlgnIZ\" width=\"660\" height=\"330\" alt=\"\"\/><\/a><\/div>\n<\/div>\n<div class=\" title_suite_2 col col-xs-12 col-lg-12\"> <a href=\"\/article\/1067373-un-collectif-de-parents-porte-plainte-contre-le-gouvernement\"\/><span class=\"field-content\">Un Collectif de parents porte plainte contre le gouvernement<\/span><\/div>\n<\/div>\n<\/div>\n<div class=\" col-xs-12 col-lg-4\">\n<div class=\"row\">\n<div class=\"col col-xs-12 col-lg-12\">\n<div class=\"field-content\"><a href=\"\/article\/1067371-plf-2021-benchaaboun-au-parlement-le-28-septembre\"><img loading=\"lazy\" decoding=\"async\" class=\"img-responsive\" typeof=\"foaf:Image\" src=\"https:\/\/www.leconomiste.com\/sites\/default\/files\/eco7\/public\/styles\/800x400\/public\/default_images\/default_une.jpg?itok=4jZlgnIZ\" width=\"660\" height=\"330\" alt=\"\"\/><\/a><\/div>\n<\/div>\n<div class=\" title_suite_2 col col-xs-12 col-lg-12\"> <a href=\"\/article\/1067371-plf-2021-benchaaboun-au-parlement-le-28-septembre\"\/><span class=\"field-content\">PLF 2021: Bencha\u00e2boun au Parlement le 28 septembre<\/span><\/div>\n<\/div>\n<\/div>\n<\/div>\n<\/div>\n<\/div>\n<\/div>\n<\/div>\n<p>Auteur: hlafriqi<br \/>\n<a href=\"https:\/\/www.leconomiste.com\/article\/1067372-place-marketing-design-bonzai-rachete-une-agence-francaise\">Cliquez ici pour lire l&rsquo;article depuis sa source.<\/a><\/p>\n","protected":false},"excerpt":{"rendered":"<p>Croissance externe pour Bonzai. L\u2019agence de communication \u00e9largit ses horizons en faisant l\u2019acquisition de Surfaces, le sp\u00e9cialiste parisien Place Marketing &amp; Design. De quoi consacrer son positionnement d\u2019agence de design global ayant pour vocation \u00abd\u2019augmenter la valeur des lieux et leur attractivit\u00e9\u00bb. A travers cette op\u00e9ration, dont le montant n\u2019a pas \u00e9t\u00e9 d\u00e9voil\u00e9, Bonzai veut [&hellip;]<\/p>\n","protected":false},"author":1763,"featured_media":0,"comment_status":"closed","ping_status":"closed","sticky":false,"template":"","format":"standard","meta":{"fifu_image_url":"","fifu_image_alt":"","footnotes":""},"categories":[78,54],"tags":[],"class_list":["post-99289","post","type-post","status-publish","format-standard","hentry","category-economie","category-maroc"],"_links":{"self":[{"href":"https:\/\/linitiative.ca\/International\/wp-json\/wp\/v2\/posts\/99289","targetHints":{"allow":["GET"]}}],"collection":[{"href":"https:\/\/linitiative.ca\/International\/wp-json\/wp\/v2\/posts"}],"about":[{"href":"https:\/\/linitiative.ca\/International\/wp-json\/wp\/v2\/types\/post"}],"author":[{"embeddable":true,"href":"https:\/\/linitiative.ca\/International\/wp-json\/wp\/v2\/users\/1763"}],"replies":[{"embeddable":true,"href":"https:\/\/linitiative.ca\/International\/wp-json\/wp\/v2\/comments?post=99289"}],"version-history":[{"count":0,"href":"https:\/\/linitiative.ca\/International\/wp-json\/wp\/v2\/posts\/99289\/revisions"}],"wp:attachment":[{"href":"https:\/\/linitiative.ca\/International\/wp-json\/wp\/v2\/media?parent=99289"}],"wp:term":[{"taxonomy":"category","embeddable":true,"href":"https:\/\/linitiative.ca\/International\/wp-json\/wp\/v2\/categories?post=99289"},{"taxonomy":"post_tag","embeddable":true,"href":"https:\/\/linitiative.ca\/International\/wp-json\/wp\/v2\/tags?post=99289"}],"curies":[{"name":"wp","href":"https:\/\/api.w.org\/{rel}","templated":true}]}}