{"id":99290,"date":"2020-09-19T14:53:26","date_gmt":"2020-09-19T18:53:26","guid":{"rendered":"https:\/\/linitiative.ca\/International\/un-collectif-de-parents-porte-plainte-contre-le-gouvernement\/"},"modified":"2020-09-19T14:53:26","modified_gmt":"2020-09-19T18:53:26","slug":"un-collectif-de-parents-porte-plainte-contre-le-gouvernement","status":"publish","type":"post","link":"https:\/\/linitiative.ca\/International\/un-collectif-de-parents-porte-plainte-contre-le-gouvernement\/","title":{"rendered":"Un Collectif de parents porte plainte contre le gouvernement"},"content":{"rendered":"<div class=\"body\">\n<div class=\"field field-name-body field-type-text-with-summary field-label-hidden\">\n<div class=\"field-items\" readability=\"8\">\n<div class=\"field-item even\" property=\"content:encoded\" readability=\"11\">\n<p class=\"rtejustify\">Repr\u00e9sent\u00e9 par le Cabinet Benbrahim Chra\u00efbi, ce Collectif de parents va intenter un proc\u00e8s en justice contre le gouvernement pour \u00abexc\u00e8s de pouvoir\u00bb. Le but \u00e9tant de r\u00e9-ouvrir les \u00e9coles pour que les enfants puissent b\u00e9n\u00e9ficier d\u2019un enseignement en pr\u00e9sentiel dans les plus brefs d\u00e9lais. Le Collectif condamne aussi les r\u00e9percussions de cette d\u00e9cision sur les enfants et sur l\u2019activit\u00e9 professionnelle des parents.<br \/><em>T.E.G.<\/em><\/p>\n<\/div>\n<\/div>\n<\/div>\n<\/div>\n<div class=\"eco-conseil\">\n<div class=\"view view-eco-conseil-16 view-id-eco_conseil_16 view-display-id-cookies view-dom-id-5aa32867a6dd18a0cc85ed746d921de1\">\n<div class=\"view-content\">\n<div id=\"views-bootstrap-grid-1\" class=\"views-bootstrap-grid-plugin-style\">\n<div class=\"row\">\n<div class=\" col-xs-12 col-lg-4\">\n<div class=\"row\">\n<div class=\"col col-xs-12 col-lg-12\">\n<div class=\"field-content\"><a href=\"\/article\/1067374-vol-de-bagages-l-aeroport-mohammed-v\"><img loading=\"lazy\" decoding=\"async\" class=\"img-responsive\" typeof=\"foaf:Image\" src=\"https:\/\/www.leconomiste.com\/sites\/default\/files\/eco7\/public\/styles\/800x400\/public\/default_images\/default_une.jpg?itok=4jZlgnIZ\" width=\"660\" height=\"330\" alt=\"\"\/><\/a><\/div>\n<\/div>\n<div class=\" title_suite_2 col col-xs-12 col-lg-12\"> <a href=\"\/article\/1067374-vol-de-bagages-l-aeroport-mohammed-v\"\/><span class=\"field-content\">Vol de bagages \u00e0 l\u2019a\u00e9roport Mohammed V<\/span><\/div>\n<\/div>\n<\/div>\n<div class=\" col-xs-12 col-lg-4\">\n<div class=\"row\">\n<div class=\"col col-xs-12 col-lg-12\">\n<div class=\"field-content\"><a href=\"\/article\/1067372-place-marketing-design-bonzai-rachete-une-agence-francaise\"><img loading=\"lazy\" decoding=\"async\" class=\"img-responsive\" typeof=\"foaf:Image\" src=\"https:\/\/www.leconomiste.com\/sites\/default\/files\/eco7\/public\/styles\/800x400\/public\/default_images\/default_une.jpg?itok=4jZlgnIZ\" width=\"660\" height=\"330\" alt=\"\"\/><\/a><\/div>\n<\/div>\n<div class=\" title_suite_2 col col-xs-12 col-lg-12\"> <a href=\"\/article\/1067372-place-marketing-design-bonzai-rachete-une-agence-francaise\"\/><span class=\"field-content\">Place Marketing &amp; Design: Bonzai rach\u00e8te une agence fran\u00e7aise <\/span><\/div>\n<\/div>\n<\/div>\n<div class=\" col-xs-12 col-lg-4\">\n<div class=\"row\">\n<div class=\"col col-xs-12 col-lg-12\">\n<div class=\"field-content\"><a href=\"\/article\/1067371-plf-2021-benchaaboun-au-parlement-le-28-septembre\"><img loading=\"lazy\" decoding=\"async\" class=\"img-responsive\" typeof=\"foaf:Image\" src=\"https:\/\/www.leconomiste.com\/sites\/default\/files\/eco7\/public\/styles\/800x400\/public\/default_images\/default_une.jpg?itok=4jZlgnIZ\" width=\"660\" height=\"330\" alt=\"\"\/><\/a><\/div>\n<\/div>\n<div class=\" title_suite_2 col col-xs-12 col-lg-12\"> <a href=\"\/article\/1067371-plf-2021-benchaaboun-au-parlement-le-28-septembre\"\/><span class=\"field-content\">PLF 2021: Bencha\u00e2boun au Parlement le 28 septembre<\/span><\/div>\n<\/div>\n<\/div>\n<\/div>\n<\/div>\n<\/div>\n<\/div>\n<\/div>\n<p>Auteur: hlafriqi<br \/>\n<a href=\"https:\/\/www.leconomiste.com\/article\/1067373-un-collectif-de-parents-porte-plainte-contre-le-gouvernement\">Cliquez ici pour lire l&rsquo;article depuis sa source.<\/a><\/p>\n","protected":false},"excerpt":{"rendered":"<p>Repr\u00e9sent\u00e9 par le Cabinet Benbrahim Chra\u00efbi, ce Collectif de parents va intenter un proc\u00e8s en justice contre le gouvernement pour \u00abexc\u00e8s de pouvoir\u00bb. Le but \u00e9tant de r\u00e9-ouvrir les \u00e9coles pour que les enfants puissent b\u00e9n\u00e9ficier d\u2019un enseignement en pr\u00e9sentiel dans les plus brefs d\u00e9lais. Le Collectif condamne aussi les r\u00e9percussions de cette d\u00e9cision sur [&hellip;]<\/p>\n","protected":false},"author":1763,"featured_media":0,"comment_status":"closed","ping_status":"closed","sticky":false,"template":"","format":"standard","meta":{"fifu_image_url":"","fifu_image_alt":"","footnotes":""},"categories":[78,54],"tags":[],"class_list":["post-99290","post","type-post","status-publish","format-standard","hentry","category-economie","category-maroc"],"_links":{"self":[{"href":"https:\/\/linitiative.ca\/International\/wp-json\/wp\/v2\/posts\/99290","targetHints":{"allow":["GET"]}}],"collection":[{"href":"https:\/\/linitiative.ca\/International\/wp-json\/wp\/v2\/posts"}],"about":[{"href":"https:\/\/linitiative.ca\/International\/wp-json\/wp\/v2\/types\/post"}],"author":[{"embeddable":true,"href":"https:\/\/linitiative.ca\/International\/wp-json\/wp\/v2\/users\/1763"}],"replies":[{"embeddable":true,"href":"https:\/\/linitiative.ca\/International\/wp-json\/wp\/v2\/comments?post=99290"}],"version-history":[{"count":0,"href":"https:\/\/linitiative.ca\/International\/wp-json\/wp\/v2\/posts\/99290\/revisions"}],"wp:attachment":[{"href":"https:\/\/linitiative.ca\/International\/wp-json\/wp\/v2\/media?parent=99290"}],"wp:term":[{"taxonomy":"category","embeddable":true,"href":"https:\/\/linitiative.ca\/International\/wp-json\/wp\/v2\/categories?post=99290"},{"taxonomy":"post_tag","embeddable":true,"href":"https:\/\/linitiative.ca\/International\/wp-json\/wp\/v2\/tags?post=99290"}],"curies":[{"name":"wp","href":"https:\/\/api.w.org\/{rel}","templated":true}]}}