{"id":99291,"date":"2020-09-19T14:53:28","date_gmt":"2020-09-19T18:53:28","guid":{"rendered":"https:\/\/linitiative.ca\/International\/vol-de-bagages-a-laeroport-mohammed-v\/"},"modified":"2020-09-19T14:53:28","modified_gmt":"2020-09-19T18:53:28","slug":"vol-de-bagages-a-laeroport-mohammed-v","status":"publish","type":"post","link":"https:\/\/linitiative.ca\/International\/vol-de-bagages-a-laeroport-mohammed-v\/","title":{"rendered":"Vol de bagages \u00e0 l\u2019a\u00e9roport Mohammed V"},"content":{"rendered":"<div class=\"author\" readability=\"5.7931034482759\"> Par <a href=\"\/content\/amin-rboub\">Amin RBOUB<\/a> <a href=\"\/node\/\"> <\/a> | Edition N\u00b0:5846 Le 18\/09\/2020 | Partager <\/div>\n<div class=\"body\">\n<div class=\"field field-name-body field-type-text-with-summary field-label-hidden\">\n<div class=\"field-items\" readability=\"8.5\">\n<div class=\"field-item even\" property=\"content:encoded\" readability=\"12\">\n<p class=\"rtejustify\">Les vols de bagages reprennent \u00e0 l\u2019a\u00e9roport Mohammed V de Casablanca! Lundi dernier, plusieurs passagers d\u2019un vol RAM (AT 2201) en provenance des Etats-Unis (New York-JFK airport) ont \u00e9t\u00e9 victimes de vols d\u2019effets personnels. Selon les t\u00e9moignages de passagers concern\u00e9s, des sacs en soute ont \u00e9t\u00e9 \u00e9ventr\u00e9s et des cadenas cass\u00e9s. De gros soup\u00e7ons p\u00e8sent sur les bagagistes et les \u00e9quipes de handling.<br \/><em>A.R.<\/em><\/p>\n<\/div>\n<\/div>\n<\/div>\n<\/div>\n<div class=\"eco-conseil\">\n<div class=\"view view-eco-conseil-16 view-id-eco_conseil_16 view-display-id-cookies view-dom-id-07969c59aaf0844b0da909c05c3ecdc0\">\n<div class=\"view-content\">\n<div id=\"views-bootstrap-grid-1\" class=\"views-bootstrap-grid-plugin-style\">\n<div class=\"row\">\n<div class=\" col-xs-12 col-lg-4\">\n<div class=\"row\">\n<div class=\"col col-xs-12 col-lg-12\">\n<div class=\"field-content\"><a href=\"\/article\/1067373-un-collectif-de-parents-porte-plainte-contre-le-gouvernement\"><img loading=\"lazy\" decoding=\"async\" class=\"img-responsive\" typeof=\"foaf:Image\" src=\"https:\/\/www.leconomiste.com\/sites\/default\/files\/eco7\/public\/styles\/800x400\/public\/default_images\/default_une.jpg?itok=4jZlgnIZ\" width=\"660\" height=\"330\" alt=\"\"\/><\/a><\/div>\n<\/div>\n<div class=\" title_suite_2 col col-xs-12 col-lg-12\"> <a href=\"\/article\/1067373-un-collectif-de-parents-porte-plainte-contre-le-gouvernement\"\/><span class=\"field-content\">Un Collectif de parents porte plainte contre le gouvernement<\/span><\/div>\n<\/div>\n<\/div>\n<div class=\" col-xs-12 col-lg-4\">\n<div class=\"row\">\n<div class=\"col col-xs-12 col-lg-12\">\n<div class=\"field-content\"><a href=\"\/article\/1067372-place-marketing-design-bonzai-rachete-une-agence-francaise\"><img loading=\"lazy\" decoding=\"async\" class=\"img-responsive\" typeof=\"foaf:Image\" src=\"https:\/\/www.leconomiste.com\/sites\/default\/files\/eco7\/public\/styles\/800x400\/public\/default_images\/default_une.jpg?itok=4jZlgnIZ\" width=\"660\" height=\"330\" alt=\"\"\/><\/a><\/div>\n<\/div>\n<div class=\" title_suite_2 col col-xs-12 col-lg-12\"> <a href=\"\/article\/1067372-place-marketing-design-bonzai-rachete-une-agence-francaise\"\/><span class=\"field-content\">Place Marketing &amp; Design: Bonzai rach\u00e8te une agence fran\u00e7aise <\/span><\/div>\n<\/div>\n<\/div>\n<div class=\" col-xs-12 col-lg-4\">\n<div class=\"row\">\n<div class=\"col col-xs-12 col-lg-12\">\n<div class=\"field-content\"><a href=\"\/article\/1067371-plf-2021-benchaaboun-au-parlement-le-28-septembre\"><img loading=\"lazy\" decoding=\"async\" class=\"img-responsive\" typeof=\"foaf:Image\" src=\"https:\/\/www.leconomiste.com\/sites\/default\/files\/eco7\/public\/styles\/800x400\/public\/default_images\/default_une.jpg?itok=4jZlgnIZ\" width=\"660\" height=\"330\" alt=\"\"\/><\/a><\/div>\n<\/div>\n<div class=\" title_suite_2 col col-xs-12 col-lg-12\"> <a href=\"\/article\/1067371-plf-2021-benchaaboun-au-parlement-le-28-septembre\"\/><span class=\"field-content\">PLF 2021: Bencha\u00e2boun au Parlement le 28 septembre<\/span><\/div>\n<\/div>\n<\/div>\n<\/div>\n<\/div>\n<\/div>\n<\/div>\n<\/div>\n<p>Auteur: hlafriqi<br \/>\n<a href=\"https:\/\/www.leconomiste.com\/article\/1067374-vol-de-bagages-l-aeroport-mohammed-v\">Cliquez ici pour lire l&rsquo;article depuis sa source.<\/a><\/p>\n","protected":false},"excerpt":{"rendered":"<p>Par Amin RBOUB | Edition N\u00b0:5846 Le 18\/09\/2020 | Partager Les vols de bagages reprennent \u00e0 l\u2019a\u00e9roport Mohammed V de Casablanca! Lundi dernier, plusieurs passagers d\u2019un vol RAM (AT 2201) en provenance des Etats-Unis (New York-JFK airport) ont \u00e9t\u00e9 victimes de vols d\u2019effets personnels. Selon les t\u00e9moignages de passagers concern\u00e9s, des sacs en soute ont [&hellip;]<\/p>\n","protected":false},"author":1763,"featured_media":0,"comment_status":"closed","ping_status":"closed","sticky":false,"template":"","format":"standard","meta":{"fifu_image_url":"","fifu_image_alt":"","footnotes":""},"categories":[78,54],"tags":[],"class_list":["post-99291","post","type-post","status-publish","format-standard","hentry","category-economie","category-maroc"],"_links":{"self":[{"href":"https:\/\/linitiative.ca\/International\/wp-json\/wp\/v2\/posts\/99291","targetHints":{"allow":["GET"]}}],"collection":[{"href":"https:\/\/linitiative.ca\/International\/wp-json\/wp\/v2\/posts"}],"about":[{"href":"https:\/\/linitiative.ca\/International\/wp-json\/wp\/v2\/types\/post"}],"author":[{"embeddable":true,"href":"https:\/\/linitiative.ca\/International\/wp-json\/wp\/v2\/users\/1763"}],"replies":[{"embeddable":true,"href":"https:\/\/linitiative.ca\/International\/wp-json\/wp\/v2\/comments?post=99291"}],"version-history":[{"count":0,"href":"https:\/\/linitiative.ca\/International\/wp-json\/wp\/v2\/posts\/99291\/revisions"}],"wp:attachment":[{"href":"https:\/\/linitiative.ca\/International\/wp-json\/wp\/v2\/media?parent=99291"}],"wp:term":[{"taxonomy":"category","embeddable":true,"href":"https:\/\/linitiative.ca\/International\/wp-json\/wp\/v2\/categories?post=99291"},{"taxonomy":"post_tag","embeddable":true,"href":"https:\/\/linitiative.ca\/International\/wp-json\/wp\/v2\/tags?post=99291"}],"curies":[{"name":"wp","href":"https:\/\/api.w.org\/{rel}","templated":true}]}}