{"id":99292,"date":"2020-09-19T12:00:00","date_gmt":"2020-09-19T16:00:00","guid":{"rendered":"https:\/\/linitiative.ca\/International\/aujourdhui-ultime-mise-au-point-et-choix-du-onze-rentrant\/"},"modified":"2020-09-19T12:00:00","modified_gmt":"2020-09-19T16:00:00","slug":"aujourdhui-ultime-mise-au-point-et-choix-du-onze-rentrant","status":"publish","type":"post","link":"https:\/\/linitiative.ca\/International\/aujourdhui-ultime-mise-au-point-et-choix-du-onze-rentrant\/","title":{"rendered":"Aujourd&rsquo;hui, ultime mise au point   et choix du onze rentrant"},"content":{"rendered":"<p class=\"p1 c3\"><span class=\"c2\">Dans le cadre de la pr\u00e9paration de la super coupe qui l&rsquo;opposera demain \u00e0 partir de 18h au stade Hamadi Agrebi de Rad\u00e9s, \u00e0 l&rsquo;Esp\u00e9rance de Tunis, l&rsquo;ensemble Sfaxien est entr\u00e9 depuis hier en stage \u00e0 Tunis. L&rsquo;entra\u00eeneur Faouzi Benzarti compl\u00e8tement r\u00e9tabli de ses bobos de sant\u00e9 et qui devrait de ce fait diriger \u00e0 partir du banc son \u00e9quipe a convoqu\u00e9 pour la supercoupe<span class=\"Apple-converted-space\">\u00a0<\/span> un effectif compos\u00e9 des 22 joueurs suivants:<\/span><\/p>\n<p class=\"p1 c3\"><span class=\"c2\">-Gardiens : Aymen Dahmen, Sabri Ben Hassen, Mohamed Hedi Gaaloul<\/span><\/p>\n<p class=\"p1 c3\"><span class=\"c2\">-D\u00e9fenseurs : Heni Amamou, Mohamed Ben Ali, Azmi Ghouma, Mohamed Ali Jouini, Houssam Dagdoug, Nour Zaman Zammouri,<span class=\"Apple-converted-space\">\u00a0<\/span><\/span><\/p>\n<p class=\"p1 c3\"><span class=\"c2\">-Milieux de terrain : Hamza Jlassi, Walid Karoui, Kingsley Sokari, Islam Bakir, Rachid A\u00eft Othman, Aymen Harzi, Chris Kouakou, Ibrahima Tandia, Abdallah Amri, Mohamed Ali Trabelsi, Achraf Habassi<\/span><\/p>\n<p class=\"p1 c3\"><span class=\"c2\">-Attaquants: Kingsley Uduwo, Zakaria BenChaa<\/span><\/p>\n<p class=\"p2 c4\"><span class=\"c2\"><span class=\"Apple-converted-space\">\u00a0<\/span> <strong>Benzarti, devant<span class=\"Apple-converted-space\">\u00a0<\/span><\/strong><\/span><\/p>\n<p class=\"p2 c4\"><span class=\"c2\"><strong>l&#8217;embarras du choix <span class=\"Apple-converted-space\">\u00a0<\/span><\/strong><\/span><\/p>\n<p class=\"p1 c3\"><span class=\"c2\">Apr\u00e8s avoir effectu\u00e9 hier, jour de son arriv\u00e9e \u00e0 Tunis, une premi\u00e8re s\u00e9ance d&rsquo;entra\u00eenement au stade Chedley Zouiten l&rsquo;ensemble &lsquo;Noir et Blanc&rsquo; ach\u00e8ve, cet apr\u00e8s-midi, ses pr\u00e9paratifs par un ultime entra\u00eenement<span class=\"Apple-converted-space\">\u00a0<\/span> qui sera mis \u00e0 profit par le staff technique<span class=\"Apple-converted-space\">\u00a0<\/span> pour apporter les derniers correctifs \u00e0 son groupe.<span class=\"Apple-converted-space\">\u00a0<\/span><\/span><\/p>\n<p class=\"p1 c3\"><span class=\"c2\">A l&rsquo;issue de cette derni\u00e8re s\u00e9ance, Faouzi Benzarti devrait<span class=\"Apple-converted-space\">\u00a0<\/span> arr\u00eater la composition de son onze rentrant. Pour cela;il sera devant l&#8217;embarras du choix du fait qu&rsquo;il disposera, \u00e0 l&rsquo;occasion, d&rsquo;un effectif au grand complet<\/span><\/p>\n<p class=\"p3 c5\">\u00a0<\/p>\n<p class=\"p2 c4\"><span class=\"c2\"><strong>Uduwo, habilit\u00e9<span class=\"Apple-converted-space\">\u00a0<\/span><\/strong><\/span><\/p>\n<p class=\"p2 c4\"><span class=\"c2\"><strong>\u00e0 disputer le match<\/strong><\/span><\/p>\n<p class=\"p1 c3\"><span class=\"c2\">L&rsquo;avertissement injustement accord\u00e9 par l&rsquo;arbitre du match de la coupe contre l&rsquo;ES Metaloui, Wassim Ben Salah, n&rsquo;est pas le 3\u00e8me \u00e0 l&rsquo;actif de l&rsquo;attaquant nig\u00e9rien Kingsley Sokari. Par cons\u00e9quent ce dernier est habilit\u00e9 \u00e0 disputer la super coupe. Il sera en ballottage avec l&rsquo;Alg\u00e9rien Zakaria Benchaa pour le poste d&rsquo;attaquant de pointe. Notons que les supporters &lsquo;Noir et Blanc&rsquo; cachent mal ces derniers temps leurs exasp\u00e9rations devant les injustices arbitrales dont leur \u00e9quipe fait r\u00e9guli\u00e8rement les frais. En effet, c&rsquo;est le deuxi\u00e8me avertissement de suite<span class=\"Apple-converted-space\">\u00a0<\/span> accord\u00e9 gratuitement \u00e0 l&rsquo;un de leurs joueurs apr\u00e8s la carton jaune (le 2\u00e8me cons\u00e9cutif)) sorti \u00e0 la face de Hamza Jlassi, toujours pour une faute inexistante, au cours du match contre le CSHL, qui<span class=\"Apple-converted-space\">\u00a0<\/span> lui co\u00fbta l&rsquo;expulsion, contraignant, ainsi, le CSS \u00e0 jouer, durant le dernier quart d&rsquo;heure du match, \u00e0 dix.<\/span><\/p>\n<p class=\"p4 c6\"><span class=\"c2\"><strong>Ameur KERKENNI<span class=\"Apple-converted-space\">\u00a0<\/span><\/strong><\/span><\/p>\n<p>Auteur: letemps1<br \/>\n<a href=\"http:\/\/www.letemps.com.tn\/article\/117144\/aujourdhui-ultime-mise-au-point-et-choix-du-onze-rentrant\">Cliquez ici pour lire l&rsquo;article depuis sa source.<\/a><\/p>\n","protected":false},"excerpt":{"rendered":"<p>Dans le cadre de la pr\u00e9paration de la super coupe qui l&rsquo;opposera demain \u00e0 partir de 18h au stade Hamadi Agrebi de Rad\u00e9s, \u00e0 l&rsquo;Esp\u00e9rance de Tunis, l&rsquo;ensemble Sfaxien est entr\u00e9 depuis hier en stage \u00e0 Tunis. L&rsquo;entra\u00eeneur Faouzi Benzarti compl\u00e8tement r\u00e9tabli de ses bobos de sant\u00e9 et qui devrait de ce fait diriger \u00e0 [&hellip;]<\/p>\n","protected":false},"author":1773,"featured_media":0,"comment_status":"closed","ping_status":"closed","sticky":false,"template":"","format":"standard","meta":{"fifu_image_url":"","fifu_image_alt":"","footnotes":""},"categories":[73,55],"tags":[],"class_list":["post-99292","post","type-post","status-publish","format-standard","hentry","category-actualite","category-tunisie"],"_links":{"self":[{"href":"https:\/\/linitiative.ca\/International\/wp-json\/wp\/v2\/posts\/99292","targetHints":{"allow":["GET"]}}],"collection":[{"href":"https:\/\/linitiative.ca\/International\/wp-json\/wp\/v2\/posts"}],"about":[{"href":"https:\/\/linitiative.ca\/International\/wp-json\/wp\/v2\/types\/post"}],"author":[{"embeddable":true,"href":"https:\/\/linitiative.ca\/International\/wp-json\/wp\/v2\/users\/1773"}],"replies":[{"embeddable":true,"href":"https:\/\/linitiative.ca\/International\/wp-json\/wp\/v2\/comments?post=99292"}],"version-history":[{"count":0,"href":"https:\/\/linitiative.ca\/International\/wp-json\/wp\/v2\/posts\/99292\/revisions"}],"wp:attachment":[{"href":"https:\/\/linitiative.ca\/International\/wp-json\/wp\/v2\/media?parent=99292"}],"wp:term":[{"taxonomy":"category","embeddable":true,"href":"https:\/\/linitiative.ca\/International\/wp-json\/wp\/v2\/categories?post=99292"},{"taxonomy":"post_tag","embeddable":true,"href":"https:\/\/linitiative.ca\/International\/wp-json\/wp\/v2\/tags?post=99292"}],"curies":[{"name":"wp","href":"https:\/\/api.w.org\/{rel}","templated":true}]}}