{"id":99293,"date":"2020-09-19T12:00:00","date_gmt":"2020-09-19T16:00:00","guid":{"rendered":"https:\/\/linitiative.ca\/International\/entrainer-le-real-madrid-cest-mon-reve\/"},"modified":"2020-09-19T12:00:00","modified_gmt":"2020-09-19T16:00:00","slug":"entrainer-le-real-madrid-cest-mon-reve","status":"publish","type":"post","link":"https:\/\/linitiative.ca\/International\/entrainer-le-real-madrid-cest-mon-reve\/","title":{"rendered":"\u00abEntra\u00eener le Real Madrid, c&rsquo;est mon r\u00eave !\u00bb"},"content":{"rendered":"<p class=\"p1 c3\"><span class=\"c2\">L&rsquo;ancien entra\u00eeneur des Spurs a r\u00e9v\u00e9l\u00e9 qu&rsquo;il ne s&rsquo;\u00e9tait jamais vu entra\u00eener les Catalans tant que leur pr\u00e9sident actuel reste aux commandes.<\/span><\/p>\n<p class=\"p1 c3\"><span class=\"c2\">Mauricio Pochettino a d\u00e9clar\u00e9 qu&rsquo;il n&rsquo;avait pas re\u00e7u d&rsquo;offre pour entra\u00eener le g\u00e9ant de la Liga, le FC Barcelone, tandis que l&rsquo;ancien entra\u00eeneur de Tottenham a avou\u00e9 que diriger le Real Madrid soit son r\u00eave. Mauricio Pochettino \u00e9tait li\u00e9 au Barca apr\u00e8s le limogeage de Quique Setien avant que le club blaugrana, assi\u00e9g\u00e9, n&rsquo;ait opt\u00e9 pour Ronald Koeman apr\u00e8s une campagne 2019-20 sans troph\u00e9e, tr\u00e8s d\u00e9cevante et ponctu\u00e9e par une humiliation en Ligue des champions.<\/span><\/p>\n<p class=\"p1 c3\"><span class=\"c2\">L&rsquo;entra\u00eeneur argentin, Pochettino, qui a quitt\u00e9 Tottenham en novembre de l&rsquo;ann\u00e9e derni\u00e8re, a \u00e9t\u00e9 interrog\u00e9 sur les sp\u00e9culations l&rsquo;envoyant au Bar\u00e7a. \u00ab\u00a0Ils ne m&rsquo;ont pas propos\u00e9 d&rsquo;entra\u00eener le Bar\u00e7a\u00a0\u00bb, a-t-il d\u00e9clar\u00e9 \u00e0 Marca. \u00ab\u00a0Je n&rsquo;ai pas vu le pr\u00e9sident Josep Maria Bartomeu. J&rsquo;ai mang\u00e9 avec Ramon Planes parce que nous avons une amiti\u00e9 depuis de nombreuses ann\u00e9es, depuis 2009 quand il a sign\u00e9 pour l&rsquo;Espanyol\u00a0\u00bb.<\/span><\/p>\n<p class=\"p1 c3\"><span class=\"c2\">Pochettino avait ouvert la porte \u00e0 potentiellement entra\u00eener le Bar\u00e7a, ayant pr\u00e9c\u00e9demment sugg\u00e9r\u00e9 qu&rsquo;il ne prendrait pas en charge les pensionnaires Camp Nou en raison de ses liens avec ses rivaux Espanyol. \u00ab\u00a0J&rsquo;\u00e9tais ironique alors\u00a0\u00bb, se dit Pochettino. \u00ab\u00a0C&rsquo;\u00e9tait ma premi\u00e8re conf\u00e9rence de presse \u00e0 Tottenham et ils m&rsquo;ont interrog\u00e9 sur les rumeurs du Bar\u00e7a. Puis j&rsquo;ai r\u00e9pondu avec mon ironie et je pense que je suis all\u00e9 trop loin, j&rsquo;ai dit ce que j&rsquo;ai dit.\u00a0\u00bb<\/span><\/p>\n<p class=\"p2 c4\">\u00a0<\/p>\n<p class=\"p3 c5\"><span class=\"c2\">\u00ab\u00a0Pas d&rsquo;offres du PSG,<span class=\"Apple-converted-space\">\u00a0<\/span><\/span><\/p>\n<p class=\"p3 c5\"><span class=\"c2\">de l&rsquo;Inter ou de la Juventus\u00a0\u00bb<\/span><\/p>\n<p class=\"p1 c3\"><span class=\"c2\">\u00ab\u00a0Cela semble tr\u00e8s agr\u00e9able pour le fan radical de l&rsquo;Espanyol, mais je ne voulais pas parler au nom de ce fan radical.<span class=\"Apple-converted-space\">\u00a0<\/span><\/span><\/p>\n<p class=\"p1 c3\"><span class=\"c2\">Je n&rsquo;ai pas non plus \u00e0 justifier une d\u00e9claration car personne ne peut remettre en question mon amour pour l&rsquo;Espanyol\u00a0\u00bb, a ajout\u00e9 l&rsquo;Argentin.<span class=\"Apple-converted-space\">\u00a0<\/span><\/span><\/p>\n<p class=\"p1 c3\"><span class=\"c2\">Pochettino a \u00e9galement \u00e9t\u00e9 li\u00e9 aux champions deLigue 1, le Paris Saint-Germain, aux champions de Serie A, la Juventus et \u00e0 l&rsquo;Inter, \u00e0 l&rsquo;approche de la saison 2020-2021. Thomas Tuchel reste sur le banc du PSG, la Juve s&rsquo;est tourn\u00e9e vers Andrea Pirlo et l&rsquo;Inter a choisi de continuer avec Antonio Conte.<\/span><\/p>\n<p class=\"p1 c3\"><span class=\"c2\">\u00ab\u00a0Ni le PSG, ni la Juventus, ni l&rsquo;Inter Milan n&rsquo;ont fait d&rsquo;offres pendant l&rsquo;intersaison\u00a0\u00bb, a ajout\u00e9 Pochettino.<span class=\"Apple-converted-space\">\u00a0<\/span><\/span><\/p>\n<p class=\"p1 c3\"><span class=\"c2\">\u00ab\u00a0J&rsquo;ai re\u00e7u un appel de Benfica et de Monaco.<\/span><\/p>\n<p class=\"p1 c3\"><span class=\"c2\"><span class=\"Apple-converted-space\">\u00a0<\/span>Je n&rsquo;ai pas besoin de mentir\u00a0\u00bb, a conclu l&rsquo;ancien des Spurs. Pochettino a manqu\u00e9 le Real Madrid en 2018, d\u00e9cidant d&rsquo;honorer son contrat avec l&rsquo;\u00e9quipe de Premier League, Tottenham, \u00e0 l&rsquo;\u00e9poque.<span class=\"Apple-converted-space\">\u00a0<\/span><\/span><\/p>\n<p class=\"p1 c3\"><span class=\"c2\">Madrid a tent\u00e9 d&#8217;embaucher Pochettino comme successeur de Zinedine Zidane : \u00ab\u00a0Je ne sais pas si j&rsquo;entra\u00eenerai un jour Madrid, mais bien s\u00fbr, c&rsquo;est mon r\u00eave.<span class=\"Apple-converted-space\">\u00a0<\/span><\/span><\/p>\n<p class=\"p1 c3\"><span class=\"c2\">Si ce n&rsquo;est pas le meilleur, c&rsquo;est l&rsquo;un des meilleurs clubs du monde. Je ne suis pas diff\u00e9rent, tout le monde l&rsquo;a sur sa liste de r\u00eave.\u00a0\u00bb<\/span><\/p>\n<p>Auteur: letemps1<br \/>\n<a href=\"http:\/\/www.letemps.com.tn\/article\/117145\/%C2%ABentra%C3%AEner-le-real-madrid-cest-mon-r%C3%AAve-%C2%BB\">Cliquez ici pour lire l&rsquo;article depuis sa source.<\/a><\/p>\n","protected":false},"excerpt":{"rendered":"<p>L&rsquo;ancien entra\u00eeneur des Spurs a r\u00e9v\u00e9l\u00e9 qu&rsquo;il ne s&rsquo;\u00e9tait jamais vu entra\u00eener les Catalans tant que leur pr\u00e9sident actuel reste aux commandes. Mauricio Pochettino a d\u00e9clar\u00e9 qu&rsquo;il n&rsquo;avait pas re\u00e7u d&rsquo;offre pour entra\u00eener le g\u00e9ant de la Liga, le FC Barcelone, tandis que l&rsquo;ancien entra\u00eeneur de Tottenham a avou\u00e9 que diriger le Real Madrid soit [&hellip;]<\/p>\n","protected":false},"author":1773,"featured_media":0,"comment_status":"closed","ping_status":"closed","sticky":false,"template":"","format":"standard","meta":{"fifu_image_url":"","fifu_image_alt":"","footnotes":""},"categories":[73,55],"tags":[],"class_list":["post-99293","post","type-post","status-publish","format-standard","hentry","category-actualite","category-tunisie"],"_links":{"self":[{"href":"https:\/\/linitiative.ca\/International\/wp-json\/wp\/v2\/posts\/99293","targetHints":{"allow":["GET"]}}],"collection":[{"href":"https:\/\/linitiative.ca\/International\/wp-json\/wp\/v2\/posts"}],"about":[{"href":"https:\/\/linitiative.ca\/International\/wp-json\/wp\/v2\/types\/post"}],"author":[{"embeddable":true,"href":"https:\/\/linitiative.ca\/International\/wp-json\/wp\/v2\/users\/1773"}],"replies":[{"embeddable":true,"href":"https:\/\/linitiative.ca\/International\/wp-json\/wp\/v2\/comments?post=99293"}],"version-history":[{"count":0,"href":"https:\/\/linitiative.ca\/International\/wp-json\/wp\/v2\/posts\/99293\/revisions"}],"wp:attachment":[{"href":"https:\/\/linitiative.ca\/International\/wp-json\/wp\/v2\/media?parent=99293"}],"wp:term":[{"taxonomy":"category","embeddable":true,"href":"https:\/\/linitiative.ca\/International\/wp-json\/wp\/v2\/categories?post=99293"},{"taxonomy":"post_tag","embeddable":true,"href":"https:\/\/linitiative.ca\/International\/wp-json\/wp\/v2\/tags?post=99293"}],"curies":[{"name":"wp","href":"https:\/\/api.w.org\/{rel}","templated":true}]}}