{"id":99294,"date":"2020-09-19T12:00:00","date_gmt":"2020-09-19T16:00:00","guid":{"rendered":"https:\/\/linitiative.ca\/International\/limpact-du-covid-19-au-menu-du-70e-congres-de-la-fifa\/"},"modified":"2020-09-19T12:00:00","modified_gmt":"2020-09-19T16:00:00","slug":"limpact-du-covid-19-au-menu-du-70e-congres-de-la-fifa","status":"publish","type":"post","link":"https:\/\/linitiative.ca\/International\/limpact-du-covid-19-au-menu-du-70e-congres-de-la-fifa\/","title":{"rendered":"L\u2019impact du Covid-19 au menu du 70e Congr\u00e8s de la FIFA"},"content":{"rendered":"<p class=\"p1 c3\"><span class=\"c2\">Difficiles \u00e0 chiffrer et partis pour durer, les ravages du Covid-19 sur le football mondial devaient \u00eatre<span class=\"Apple-converted-space\">\u00a0<\/span> au menu<span class=\"Apple-converted-space\">\u00a0<\/span> hier du 70e Congr\u00e8s de la Fifa, qui voit affluer les demandes pour son aide d\u2019urgence.<\/span><\/p>\n<p class=\"p1 c3\"><span class=\"c2\">Un an apr\u00e8s la r\u00e9\u00e9lection de Gianni Infantino \u00e0 la t\u00eate de l\u2019instance, cette \u00e9dition 2020 aurait d\u00fb se tenir le 5 juin \u00e0 Addis-Abeba, pour permettre aux 211 f\u00e9d\u00e9rations membres d\u2019ent\u00e9riner un cycle 2019-2022 une nouvelle fois prosp\u00e8re.<\/span><\/p>\n<p class=\"p1 c3\"><span class=\"c2\">C\u2019\u00e9tait compter sans le coronavirus, qui a mis le sport mondial \u00e0 l\u2019arr\u00eat pendant plusieurs mois, chamboul\u00e9 les calendriers, \u00e9rod\u00e9 les droits TV, et impos\u00e9 de stricts protocoles sanitaires \u00e0 la reprise des matches, dans des stades vides.<\/span><\/p>\n<p class=\"p1 c3\"><span class=\"c2\">\u00abLa perturbation estim\u00e9e est d\u2019environ 14 milliards de dollars\u00bb, soit \u00abapproximativement un tiers de l\u2019\u00e9conomie du football\u00bb, expliquait mercredi Olli Rehn, banquier central finlandais charg\u00e9 de piloter le fonds Covid de la Fifa.<\/span><\/p>\n<p class=\"p1 c3\"><span class=\"c2\">Le football sud-am\u00e9ricain a \u00absouffert assez lourdement\u00bb, sur un continent frapp\u00e9 de plein fouet par la pand\u00e9mie, m\u00eame si \u00aben termes absolus\u00bb l\u2019Europe accuse des pertes plus importantes, a-t-il soulign\u00e9.<\/span><\/p>\n<p class=\"p1 c3\"><span class=\"c2\">Il admettait n\u00e9anmoins la grande incertitude autour de ces chiffres, qui tient \u00e0 l\u2019\u00e9volution de la situation sanitaire mais aussi \u00e0 l\u2019accessibilit\u00e9 de tests rapides et au d\u00e9veloppement de vaccins, deux facteurs cl\u00e9s pour un retour \u00e0 la normale.<\/span><\/p>\n<p class=\"p2 c4\"><span class=\"c2\"><strong>Stricts contr\u00f4les\u00a0<\/strong><\/span><\/p>\n<p class=\"p1 c3\"><span class=\"c2\">Finalement tenue en visioconf\u00e9rence depuis le si\u00e8ge de Zurich, l\u2019assembl\u00e9e annuelle de la Fifa se focalisera donc sur les comptes r\u00e9vis\u00e9s, ainsi que sur \u00able soutien \u00e0 la communaut\u00e9 du football dans cette crise sans pr\u00e9c\u00e9dent\u00bb, annonce l\u2019instance.<\/span><\/p>\n<p class=\"p1 c3\"><span class=\"c2\">D\u2019ores et d\u00e9j\u00e0, la Fifa a d\u00e9voil\u00e9 fin juin un fonds d\u2019urgence dot\u00e9 de 1,5 milliard de dollars: chaque f\u00e9d\u00e9ration pourra recevoir 1 million de dollars, ainsi que 500.000 dollars suppl\u00e9mentaires pour le football f\u00e9minin, tandis que les conf\u00e9d\u00e9rations se verront allouer 2 millions de dollars.<\/span><\/p>\n<p class=\"p1 c3\"><span class=\"c2\">L\u2019organisation pr\u00e9voit \u00e9galement des pr\u00eats sans int\u00e9r\u00eat compris entre 500.000 et 5 millions de dollars, et repr\u00e9sentant au maximum 35% des revenus de chaque association membre. Les conf\u00e9d\u00e9rations pourront recevoir un pr\u00eat de 4 millions de dollars.<\/span><\/p>\n<p class=\"p1 c3\"><span class=\"c2\">\u00abPlus de 150 associations membres\u00bb ont d\u00e9j\u00e0 sollicit\u00e9 cette aide, principalement sous forme de subventions, recensait mercredi Olli Rehn, promettant de stricts contr\u00f4les de l\u2019emploi de ces fonds.<\/span><\/p>\n<p class=\"p1 c3\"><span class=\"c2\">La question est sensible, non seulement en raison des accusations de d\u00e9tournement qui ont \u00e9maill\u00e9 l\u2019histoire de la Fifa, mais aussi parce que le Covid ne frappe pas le monde du football de fa\u00e7on uniforme, appelant donc des rem\u00e8des diff\u00e9renci\u00e9s.<\/span><\/p>\n<p class=\"p2 c4\"><span class=\"c2\"><strong>Danger sur les petits clubs\u00a0<\/strong><\/span><\/p>\n<p class=\"p1 c3\"><span class=\"c2\">\u00abTr\u00e8s peu de ligues sont aujourd\u2019hui capables de vivre des droits t\u00e9l\u00e9vis\u00e9s. La plupart des clubs vivent sur les recettes de billetterie, qui ont quasiment disparu\u00bb, explique \u00e0 l\u2019AFP un sp\u00e9cialiste des instances du football professionnel.<\/span><\/p>\n<p class=\"p1 c3\"><span class=\"c2\">Par ailleurs, le ralentissement des transferts p\u00e9nalise les clubs dont le mod\u00e8le repose sur la vente de joueurs qu\u2019ils ont form\u00e9s ou d\u00e9velopp\u00e9s, bien plus que les cadors europ\u00e9ens dont le banc d\u00e9borde. \u00abLes petits vont \u00eatre tr\u00e8s affect\u00e9s\u00bb, pr\u00e9dit la m\u00eame source.<\/span><\/p>\n<p class=\"p1 c3\"><span class=\"c2\">Ce constat recoupe l\u2019\u00e9tude publi\u00e9e d\u00e9but juillet par l\u2019ECA, le syndicat europ\u00e9en des clubs, pour qui la seule masse salariale devrait engloutir en moyenne 76% des revenus dans les championnats secondaires, contre 69% dans le Top 5 europ\u00e9en (Angleterre, Allemagne, Espagne, Italie, France).\u00a0<\/span><\/p>\n<p class=\"p1 c3\"><span class=\"c2\">C\u00f4t\u00e9 recettes, celles de la Fifa n\u2019ont quasiment pas souffert de la pand\u00e9mie, \u00abla majorit\u00e9 des droits commerciaux ayant d\u00e9j\u00e0 \u00e9t\u00e9 vendue\u00bb, indique l\u2019instance dans son rapport annuel: elle table sur 6,44 milliards de dollars de revenus entre 2019 et 2022, contre 6,56 milliards dans le budget initial, dont 4,68 milliards pour la seule ann\u00e9e 2022 o\u00f9 se tiendra le Mondial qatari.<\/span><\/p>\n<p class=\"p1 c3\"><span class=\"c2\">L\u2019instance zurichoise dispose de surcro\u00eet d\u2019un tr\u00e9sor de guerre de 2,74 milliards de dollars, con\u00e7u comme une fus\u00e9e \u00e0 deux \u00e9tages: 1,5 milliard de \u00abr\u00e9serves minimales\u00bb, et 1,24 milliard de \u00abr\u00e9serves en exc\u00e8s\u00bb qui pourront notamment financer le plan Covid.<span class=\"Apple-converted-space\">\u00a0<\/span><\/span><\/p>\n<p>Auteur: letemps1<br \/>\n<a href=\"http:\/\/www.letemps.com.tn\/article\/117146\/l%E2%80%99impact-du-covid-19-au-menu-du-70e-congr%C3%A8s-de-la-fifa\">Cliquez ici pour lire l&rsquo;article depuis sa source.<\/a><\/p>\n","protected":false},"excerpt":{"rendered":"<p>Difficiles \u00e0 chiffrer et partis pour durer, les ravages du Covid-19 sur le football mondial devaient \u00eatre\u00a0 au menu\u00a0 hier du 70e Congr\u00e8s de la Fifa, qui voit affluer les demandes pour son aide d\u2019urgence. Un an apr\u00e8s la r\u00e9\u00e9lection de Gianni Infantino \u00e0 la t\u00eate de l\u2019instance, cette \u00e9dition 2020 aurait d\u00fb se tenir [&hellip;]<\/p>\n","protected":false},"author":1773,"featured_media":0,"comment_status":"closed","ping_status":"closed","sticky":false,"template":"","format":"standard","meta":{"fifu_image_url":"","fifu_image_alt":"","footnotes":""},"categories":[73,55],"tags":[],"class_list":["post-99294","post","type-post","status-publish","format-standard","hentry","category-actualite","category-tunisie"],"_links":{"self":[{"href":"https:\/\/linitiative.ca\/International\/wp-json\/wp\/v2\/posts\/99294","targetHints":{"allow":["GET"]}}],"collection":[{"href":"https:\/\/linitiative.ca\/International\/wp-json\/wp\/v2\/posts"}],"about":[{"href":"https:\/\/linitiative.ca\/International\/wp-json\/wp\/v2\/types\/post"}],"author":[{"embeddable":true,"href":"https:\/\/linitiative.ca\/International\/wp-json\/wp\/v2\/users\/1773"}],"replies":[{"embeddable":true,"href":"https:\/\/linitiative.ca\/International\/wp-json\/wp\/v2\/comments?post=99294"}],"version-history":[{"count":0,"href":"https:\/\/linitiative.ca\/International\/wp-json\/wp\/v2\/posts\/99294\/revisions"}],"wp:attachment":[{"href":"https:\/\/linitiative.ca\/International\/wp-json\/wp\/v2\/media?parent=99294"}],"wp:term":[{"taxonomy":"category","embeddable":true,"href":"https:\/\/linitiative.ca\/International\/wp-json\/wp\/v2\/categories?post=99294"},{"taxonomy":"post_tag","embeddable":true,"href":"https:\/\/linitiative.ca\/International\/wp-json\/wp\/v2\/tags?post=99294"}],"curies":[{"name":"wp","href":"https:\/\/api.w.org\/{rel}","templated":true}]}}