{"id":99320,"date":"2020-09-19T07:44:00","date_gmt":"2020-09-19T11:44:00","guid":{"rendered":"https:\/\/linitiative.ca\/International\/ces-jeunes-nouveaux-magistrats-du-tribunal-administratif\/"},"modified":"2020-09-19T07:44:00","modified_gmt":"2020-09-19T11:44:00","slug":"ces-jeunes-nouveaux-magistrats-du-tribunal-administratif","status":"publish","type":"post","link":"https:\/\/linitiative.ca\/International\/ces-jeunes-nouveaux-magistrats-du-tribunal-administratif\/","title":{"rendered":"Ces jeunes nouveaux magistrats du Tribunal administratif"},"content":{"rendered":"<p>Ils sont quatre brillants jeunes magistrats, juristes de formation et dipl\u00f4m\u00e9s du cycle sup\u00e9rieur de l\u2019Etat qui viennent de rejoindre le Tribunal administratif. Il s\u2019agit de Farah Mokhtar, Ferid Jebali, Meriem Gafsi et Tasnim Abderrabbeh. Tr\u00e8s \u00e9mus, le regard p\u00e9tillant et l&rsquo;intelligence vive, ils ont pr\u00eat\u00e9 serment devant le Premier pr\u00e9sident du Tribunal, Abdessalem Grissi\u00e2a.<br \/>\u00a0<\/p>\n<p>Auteur:<br \/>\n<a href=\"https:\/\/www.leaders.com.tn\/article\/30605-ces-jeunes-nouveaux-magistrats-du-tribunal-administratif\">Cliquez ici pour lire l&rsquo;article depuis sa source.<\/a><\/p>\n","protected":false},"excerpt":{"rendered":"<p>Ils sont quatre brillants jeunes magistrats, juristes de formation et dipl\u00f4m\u00e9s du cycle sup\u00e9rieur de l\u2019Etat qui viennent de rejoindre le Tribunal administratif. Il s\u2019agit de Farah Mokhtar, Ferid Jebali, Meriem Gafsi et Tasnim Abderrabbeh. Tr\u00e8s \u00e9mus, le regard p\u00e9tillant et l&rsquo;intelligence vive, ils ont pr\u00eat\u00e9 serment devant le Premier pr\u00e9sident du Tribunal, Abdessalem Grissi\u00e2a.\u00a0 [&hellip;]<\/p>\n","protected":false},"author":1772,"featured_media":0,"comment_status":"closed","ping_status":"closed","sticky":false,"template":"","format":"standard","meta":{"fifu_image_url":"","fifu_image_alt":"","footnotes":""},"categories":[73,55],"tags":[],"class_list":["post-99320","post","type-post","status-publish","format-standard","hentry","category-actualite","category-tunisie"],"_links":{"self":[{"href":"https:\/\/linitiative.ca\/International\/wp-json\/wp\/v2\/posts\/99320","targetHints":{"allow":["GET"]}}],"collection":[{"href":"https:\/\/linitiative.ca\/International\/wp-json\/wp\/v2\/posts"}],"about":[{"href":"https:\/\/linitiative.ca\/International\/wp-json\/wp\/v2\/types\/post"}],"author":[{"embeddable":true,"href":"https:\/\/linitiative.ca\/International\/wp-json\/wp\/v2\/users\/1772"}],"replies":[{"embeddable":true,"href":"https:\/\/linitiative.ca\/International\/wp-json\/wp\/v2\/comments?post=99320"}],"version-history":[{"count":0,"href":"https:\/\/linitiative.ca\/International\/wp-json\/wp\/v2\/posts\/99320\/revisions"}],"wp:attachment":[{"href":"https:\/\/linitiative.ca\/International\/wp-json\/wp\/v2\/media?parent=99320"}],"wp:term":[{"taxonomy":"category","embeddable":true,"href":"https:\/\/linitiative.ca\/International\/wp-json\/wp\/v2\/categories?post=99320"},{"taxonomy":"post_tag","embeddable":true,"href":"https:\/\/linitiative.ca\/International\/wp-json\/wp\/v2\/tags?post=99320"}],"curies":[{"name":"wp","href":"https:\/\/api.w.org\/{rel}","templated":true}]}}