{"id":99321,"date":"2020-09-19T06:00:00","date_gmt":"2020-09-19T10:00:00","guid":{"rendered":"https:\/\/linitiative.ca\/International\/un-septuagenaire-mortellement-ecrase-par-un-camion\/"},"modified":"2020-09-19T06:00:00","modified_gmt":"2020-09-19T10:00:00","slug":"un-septuagenaire-mortellement-ecrase-par-un-camion","status":"publish","type":"post","link":"https:\/\/linitiative.ca\/International\/un-septuagenaire-mortellement-ecrase-par-un-camion\/","title":{"rendered":"Un septuag\u00e9naire mortellement \u00e9cras\u00e9 par un camion"},"content":{"rendered":"<p>Un septuag\u00e9naire, herboriste de son \u00e9tat, a \u00e9t\u00e9 mortellement \u00e9cras\u00e9 par un poids-lourd en plein centre urbain \u00e0 A\u00efn-S\u00e9fra.<br \/>L\u2019accident s\u2019est produit mercredi dernier en d\u00e9but d\u2019apr\u00e8s-midi dans une rue \u00e0 grande affluence dans le quartier populeux Mzi. Au moment o\u00f9 la victime traversait la chauss\u00e9e, elle est pass\u00e9e sous les roues du camion de grand tonnage qui l\u2019a tu\u00e9e sur le coup. Les \u00e9l\u00e9ments de la Protection civile ont \u00e9vacu\u00e9 la d\u00e9pouille mortelle vers la morgue de l\u2019EPH de la ville. Une enqu\u00eate a \u00e9t\u00e9 aussit\u00f4t ouverte par les services de s\u00e9curit\u00e9 pour d\u00e9terminer les circonstances de ce drame.<br \/>B. Henine<\/p>\n<p>Auteur:<br \/>\n<a href=\"https:\/\/www.lesoirdalgerie.com\/regions\/un-septuagenaire-mortellement-ecrase-par-un-camion-48388\">Cliquez ici pour lire l&rsquo;article depuis sa source.<\/a><\/p>\n","protected":false},"excerpt":{"rendered":"<p>Un septuag\u00e9naire, herboriste de son \u00e9tat, a \u00e9t\u00e9 mortellement \u00e9cras\u00e9 par un poids-lourd en plein centre urbain \u00e0 A\u00efn-S\u00e9fra.L\u2019accident s\u2019est produit mercredi dernier en d\u00e9but d\u2019apr\u00e8s-midi dans une rue \u00e0 grande affluence dans le quartier populeux Mzi. Au moment o\u00f9 la victime traversait la chauss\u00e9e, elle est pass\u00e9e sous les roues du camion de grand [&hellip;]<\/p>\n","protected":false},"author":1741,"featured_media":0,"comment_status":"closed","ping_status":"closed","sticky":false,"template":"","format":"standard","meta":{"fifu_image_url":"","fifu_image_alt":"","footnotes":""},"categories":[73,53],"tags":[],"class_list":["post-99321","post","type-post","status-publish","format-standard","hentry","category-actualite","category-algerie"],"_links":{"self":[{"href":"https:\/\/linitiative.ca\/International\/wp-json\/wp\/v2\/posts\/99321","targetHints":{"allow":["GET"]}}],"collection":[{"href":"https:\/\/linitiative.ca\/International\/wp-json\/wp\/v2\/posts"}],"about":[{"href":"https:\/\/linitiative.ca\/International\/wp-json\/wp\/v2\/types\/post"}],"author":[{"embeddable":true,"href":"https:\/\/linitiative.ca\/International\/wp-json\/wp\/v2\/users\/1741"}],"replies":[{"embeddable":true,"href":"https:\/\/linitiative.ca\/International\/wp-json\/wp\/v2\/comments?post=99321"}],"version-history":[{"count":0,"href":"https:\/\/linitiative.ca\/International\/wp-json\/wp\/v2\/posts\/99321\/revisions"}],"wp:attachment":[{"href":"https:\/\/linitiative.ca\/International\/wp-json\/wp\/v2\/media?parent=99321"}],"wp:term":[{"taxonomy":"category","embeddable":true,"href":"https:\/\/linitiative.ca\/International\/wp-json\/wp\/v2\/categories?post=99321"},{"taxonomy":"post_tag","embeddable":true,"href":"https:\/\/linitiative.ca\/International\/wp-json\/wp\/v2\/tags?post=99321"}],"curies":[{"name":"wp","href":"https:\/\/api.w.org\/{rel}","templated":true}]}}