{"id":99322,"date":"2020-09-19T06:00:00","date_gmt":"2020-09-19T10:00:00","guid":{"rendered":"https:\/\/linitiative.ca\/International\/200-hectares-de-terres-agricoles-depourvues-de-pistes-carrossables-a-oued-el-hout\/"},"modified":"2020-09-19T06:00:00","modified_gmt":"2020-09-19T10:00:00","slug":"200-hectares-de-terres-agricoles-depourvues-de-pistes-carrossables-a-oued-el-hout","status":"publish","type":"post","link":"https:\/\/linitiative.ca\/International\/200-hectares-de-terres-agricoles-depourvues-de-pistes-carrossables-a-oued-el-hout\/","title":{"rendered":"200 hectares de terres agricoles d\u00e9pourvues de pistes carrossables \u00e0 Oued-el-Hout"},"content":{"rendered":"<p>\u00abNous sommes plus de 200 fellahs de la localit\u00e9 de Oued-el-Hout, relevant territorialement de la commune de Raml-Essouk, qui travaillons dans des conditions ex\u00e9crables.\u00bb<br \/>\u00abEt pour cause, nos terres sont d\u00e9pourvues de pistes carrossables, ce qui rend le travail durant la p\u00e9riode hivernale, en particulier, tr\u00e8s p\u00e9nible \u00bb, ont martel\u00e9 les repr\u00e9sentants des fellahs que compte la r\u00e9gion et qui sont dispatch\u00e9s entre des EAI et des EAC (exploitations agricoles individuelles et collectives). Et d\u2019ajouter : \u00abNous avons frapp\u00e9 \u00e0 toutes les portes, en vain. Nous souffrons, \u00e9galement, du manque d\u2019eau pour l\u2019irrigation et d\u2019\u00e9lectricit\u00e9, et ce, nonobstant les demandes introduites aupr\u00e8s des services concern\u00e9s. Nous demandons, avec insistance, la construction d\u2019une retenue collinaire ou le cas \u00e9ch\u00e9ant, de disposer d\u2019autorisations pour la r\u00e9alisation de forages .\u00bb Nos interlocuteurs affirment que \u00ab la localit\u00e9 de Oued-el-Hout regorge de grandes potentialit\u00e9s et pourrait devenir, dans le cas o\u00f9 les revendications seront satisfaites, un vivier pour les cultures mara\u00eech\u00e8res et les fruits de toutes sortes. Nous avons \u00e9galement un grand potentiel, non exploit\u00e9, pour la culture de la tomate industrielle avec la projection de la construction d\u2019une mini-conserverie pour le double concentr\u00e9 de tomates et les confitures\u00bb.<br \/>Daoud Allam<\/p>\n<p>Auteur:<br \/>\n<a href=\"https:\/\/www.lesoirdalgerie.com\/regions\/200-hectares-de-terres-agricoles-depourvues-de-pistes-carrossables-a-oued-el-hout-48387\">Cliquez ici pour lire l&rsquo;article depuis sa source.<\/a><\/p>\n","protected":false},"excerpt":{"rendered":"<p>\u00abNous sommes plus de 200 fellahs de la localit\u00e9 de Oued-el-Hout, relevant territorialement de la commune de Raml-Essouk, qui travaillons dans des conditions ex\u00e9crables.\u00bb\u00abEt pour cause, nos terres sont d\u00e9pourvues de pistes carrossables, ce qui rend le travail durant la p\u00e9riode hivernale, en particulier, tr\u00e8s p\u00e9nible \u00bb, ont martel\u00e9 les repr\u00e9sentants des fellahs que compte [&hellip;]<\/p>\n","protected":false},"author":1741,"featured_media":0,"comment_status":"closed","ping_status":"closed","sticky":false,"template":"","format":"standard","meta":{"fifu_image_url":"","fifu_image_alt":"","footnotes":""},"categories":[73,53],"tags":[],"class_list":["post-99322","post","type-post","status-publish","format-standard","hentry","category-actualite","category-algerie"],"_links":{"self":[{"href":"https:\/\/linitiative.ca\/International\/wp-json\/wp\/v2\/posts\/99322","targetHints":{"allow":["GET"]}}],"collection":[{"href":"https:\/\/linitiative.ca\/International\/wp-json\/wp\/v2\/posts"}],"about":[{"href":"https:\/\/linitiative.ca\/International\/wp-json\/wp\/v2\/types\/post"}],"author":[{"embeddable":true,"href":"https:\/\/linitiative.ca\/International\/wp-json\/wp\/v2\/users\/1741"}],"replies":[{"embeddable":true,"href":"https:\/\/linitiative.ca\/International\/wp-json\/wp\/v2\/comments?post=99322"}],"version-history":[{"count":0,"href":"https:\/\/linitiative.ca\/International\/wp-json\/wp\/v2\/posts\/99322\/revisions"}],"wp:attachment":[{"href":"https:\/\/linitiative.ca\/International\/wp-json\/wp\/v2\/media?parent=99322"}],"wp:term":[{"taxonomy":"category","embeddable":true,"href":"https:\/\/linitiative.ca\/International\/wp-json\/wp\/v2\/categories?post=99322"},{"taxonomy":"post_tag","embeddable":true,"href":"https:\/\/linitiative.ca\/International\/wp-json\/wp\/v2\/tags?post=99322"}],"curies":[{"name":"wp","href":"https:\/\/api.w.org\/{rel}","templated":true}]}}