{"id":99323,"date":"2020-09-19T06:00:00","date_gmt":"2020-09-19T10:00:00","guid":{"rendered":"https:\/\/linitiative.ca\/International\/un-trafiquant-de-drogue-arrete-a-oued-zenati\/"},"modified":"2020-09-19T06:00:00","modified_gmt":"2020-09-19T10:00:00","slug":"un-trafiquant-de-drogue-arrete-a-oued-zenati","status":"publish","type":"post","link":"https:\/\/linitiative.ca\/International\/un-trafiquant-de-drogue-arrete-a-oued-zenati\/","title":{"rendered":"Un trafiquant de drogue arr\u00eat\u00e9 \u00e0 Oued-Zenati"},"content":{"rendered":"<p>La police de Oued-Zenati a annonc\u00e9 jeudi, avoir d\u00e9mantel\u00e9 un important r\u00e9seau de trafic de drogue dans cette ville.<br \/>Depuis le d\u00e9but de cette op\u00e9ration les services de s\u00e9curit\u00e9 ont arr\u00eat\u00e9 trois personnes, d\u00e9mantelant ainsi un r\u00e9seau op\u00e9rant dans la r\u00e9gion, selon un communiqu\u00e9 de la S\u00fbret\u00e9 de wilaya.<br \/>L\u2019enqu\u00eate a d\u00e9but\u00e9 par la d\u00e9couverte de drogue et de comprim\u00e9s psychotropes, ainsi qu&rsquo;une importante somme d&rsquo;argent chez le premier individu. Il utilisait son domicile et sa voiture pour \u00e9couler la marchandise.<br \/>Les recherches ont permis l&rsquo;arrestation d\u2019 autres personnes, \u00e2g\u00e9es de 23 et 33 ans, originaires de A\u00efn-Abid dans la wilaya de Constantine. Les trois mis en cause ont \u00e9t\u00e9 pr\u00e9sent\u00e9s \u00e0 la justice. Le premier a \u00e9t\u00e9 plac\u00e9 sous mandat de d\u00e9p\u00f4t et les deux autres ont \u00e9t\u00e9 mis en libert\u00e9 provisoire.<br \/>Noureddine Guergour<\/p>\n<p><strong>Accident mortel \u00e0 Bouchegouf<br \/><\/strong>Un accident de moto a fait un mort, jeudi, dans la descente de la localit\u00e9 de Bouriachi \u00e0 la sortie de la ville de Bouchegouf. Le conducteur a perdu le contr\u00f4le de sa grosse cylindr\u00e9e, une Kawasaki 750.<br \/>La moto a heurt\u00e9 une voiture de type Suzuki qui \u00e9tait stationn\u00e9e sur la droite. Le motard, \u00e2g\u00e9 de 28 ans, domicili\u00e9 \u00e0 Guelma, a \u00e9t\u00e9 tu\u00e9 sur le coup. Aussit\u00f4t alert\u00e9s, les pompiers de la ville de Bouchegouf sont venus constater le d\u00e9c\u00e8s. La d\u00e9pouille mortelle a \u00e9t\u00e9 d\u00e9pos\u00e9e \u00e0 la morgue.<br \/>Les services de s\u00e9curit\u00e9 ont ouvert une enqu\u00eate pour d\u00e9terminer la cause de l&rsquo;accident.<br \/>N. G.<\/p>\n<p>Auteur:<br \/>\n<a href=\"https:\/\/www.lesoirdalgerie.com\/regions\/un-trafiquant-de-drogue-arrete-a-oued-zenati-48386\">Cliquez ici pour lire l&rsquo;article depuis sa source.<\/a><\/p>\n","protected":false},"excerpt":{"rendered":"<p>La police de Oued-Zenati a annonc\u00e9 jeudi, avoir d\u00e9mantel\u00e9 un important r\u00e9seau de trafic de drogue dans cette ville.Depuis le d\u00e9but de cette op\u00e9ration les services de s\u00e9curit\u00e9 ont arr\u00eat\u00e9 trois personnes, d\u00e9mantelant ainsi un r\u00e9seau op\u00e9rant dans la r\u00e9gion, selon un communiqu\u00e9 de la S\u00fbret\u00e9 de wilaya.L\u2019enqu\u00eate a d\u00e9but\u00e9 par la d\u00e9couverte de drogue [&hellip;]<\/p>\n","protected":false},"author":1741,"featured_media":0,"comment_status":"closed","ping_status":"closed","sticky":false,"template":"","format":"standard","meta":{"fifu_image_url":"","fifu_image_alt":"","footnotes":""},"categories":[73,53],"tags":[],"class_list":["post-99323","post","type-post","status-publish","format-standard","hentry","category-actualite","category-algerie"],"_links":{"self":[{"href":"https:\/\/linitiative.ca\/International\/wp-json\/wp\/v2\/posts\/99323","targetHints":{"allow":["GET"]}}],"collection":[{"href":"https:\/\/linitiative.ca\/International\/wp-json\/wp\/v2\/posts"}],"about":[{"href":"https:\/\/linitiative.ca\/International\/wp-json\/wp\/v2\/types\/post"}],"author":[{"embeddable":true,"href":"https:\/\/linitiative.ca\/International\/wp-json\/wp\/v2\/users\/1741"}],"replies":[{"embeddable":true,"href":"https:\/\/linitiative.ca\/International\/wp-json\/wp\/v2\/comments?post=99323"}],"version-history":[{"count":0,"href":"https:\/\/linitiative.ca\/International\/wp-json\/wp\/v2\/posts\/99323\/revisions"}],"wp:attachment":[{"href":"https:\/\/linitiative.ca\/International\/wp-json\/wp\/v2\/media?parent=99323"}],"wp:term":[{"taxonomy":"category","embeddable":true,"href":"https:\/\/linitiative.ca\/International\/wp-json\/wp\/v2\/categories?post=99323"},{"taxonomy":"post_tag","embeddable":true,"href":"https:\/\/linitiative.ca\/International\/wp-json\/wp\/v2\/tags?post=99323"}],"curies":[{"name":"wp","href":"https:\/\/api.w.org\/{rel}","templated":true}]}}