{"id":99324,"date":"2020-09-19T06:00:00","date_gmt":"2020-09-19T10:00:00","guid":{"rendered":"https:\/\/linitiative.ca\/International\/installation-du-nouveau-president-du-tribunal-administratif\/"},"modified":"2020-09-19T06:00:00","modified_gmt":"2020-09-19T10:00:00","slug":"installation-du-nouveau-president-du-tribunal-administratif","status":"publish","type":"post","link":"https:\/\/linitiative.ca\/International\/installation-du-nouveau-president-du-tribunal-administratif\/","title":{"rendered":"Installation du nouveau pr\u00e9sident du tribunal administratif"},"content":{"rendered":"<p>Une c\u00e9r\u00e9monie a \u00e9t\u00e9 organis\u00e9e, jeudi, \u00e0 la cour de Sidi-Bel-Abb\u00e8s, pour l\u2019installation du nouveau pr\u00e9sident du tribunal administratif, Abdellah Ziani, en remplacement de Mme Ghenim Mokhtaria appel\u00e9e \u00e0 d\u2019autres fonctions.<br \/>Cette installation a \u00e9t\u00e9 pr\u00e9sid\u00e9e par le pr\u00e9sident de chambre au Conseil d\u2019Etat, repr\u00e9sentant du ministre de la Justice et garde des Sceaux Cha\u00efboub Fellah Djelloul, en pr\u00e9sence des hauts magistrats et des autorit\u00e9s locales.\u2008Le nouveau pr\u00e9sident est dipl\u00f4m\u00e9 en magister droit priv\u00e9 et d\u2019un doctorat en sciences juridiques et administratives. Il a int\u00e9gr\u00e9 le corps de la magistrature en 1993 et a occup\u00e9 plusieurs postes. Il a aussi \u00e9t\u00e9 procureur de la R\u00e9publique de la da\u00efra de\u2008Telagh (Sidi-Bel-Abb\u00e8s) en 2000.<br \/>A.\u2008M.<\/p>\n<p>Auteur:<br \/>\n<a href=\"https:\/\/www.lesoirdalgerie.com\/regions\/installation-du-nouveau-president-du-tribunal-administratif-48385\">Cliquez ici pour lire l&rsquo;article depuis sa source.<\/a><\/p>\n","protected":false},"excerpt":{"rendered":"<p>Une c\u00e9r\u00e9monie a \u00e9t\u00e9 organis\u00e9e, jeudi, \u00e0 la cour de Sidi-Bel-Abb\u00e8s, pour l\u2019installation du nouveau pr\u00e9sident du tribunal administratif, Abdellah Ziani, en remplacement de Mme Ghenim Mokhtaria appel\u00e9e \u00e0 d\u2019autres fonctions.Cette installation a \u00e9t\u00e9 pr\u00e9sid\u00e9e par le pr\u00e9sident de chambre au Conseil d\u2019Etat, repr\u00e9sentant du ministre de la Justice et garde des Sceaux Cha\u00efboub Fellah [&hellip;]<\/p>\n","protected":false},"author":1741,"featured_media":0,"comment_status":"closed","ping_status":"closed","sticky":false,"template":"","format":"standard","meta":{"fifu_image_url":"","fifu_image_alt":"","footnotes":""},"categories":[73,53],"tags":[],"class_list":["post-99324","post","type-post","status-publish","format-standard","hentry","category-actualite","category-algerie"],"_links":{"self":[{"href":"https:\/\/linitiative.ca\/International\/wp-json\/wp\/v2\/posts\/99324","targetHints":{"allow":["GET"]}}],"collection":[{"href":"https:\/\/linitiative.ca\/International\/wp-json\/wp\/v2\/posts"}],"about":[{"href":"https:\/\/linitiative.ca\/International\/wp-json\/wp\/v2\/types\/post"}],"author":[{"embeddable":true,"href":"https:\/\/linitiative.ca\/International\/wp-json\/wp\/v2\/users\/1741"}],"replies":[{"embeddable":true,"href":"https:\/\/linitiative.ca\/International\/wp-json\/wp\/v2\/comments?post=99324"}],"version-history":[{"count":0,"href":"https:\/\/linitiative.ca\/International\/wp-json\/wp\/v2\/posts\/99324\/revisions"}],"wp:attachment":[{"href":"https:\/\/linitiative.ca\/International\/wp-json\/wp\/v2\/media?parent=99324"}],"wp:term":[{"taxonomy":"category","embeddable":true,"href":"https:\/\/linitiative.ca\/International\/wp-json\/wp\/v2\/categories?post=99324"},{"taxonomy":"post_tag","embeddable":true,"href":"https:\/\/linitiative.ca\/International\/wp-json\/wp\/v2\/tags?post=99324"}],"curies":[{"name":"wp","href":"https:\/\/api.w.org\/{rel}","templated":true}]}}