{"id":99325,"date":"2020-09-19T06:00:00","date_gmt":"2020-09-19T10:00:00","guid":{"rendered":"https:\/\/linitiative.ca\/International\/les-commercants-de-boissons-alcoolisees-reviennent-a-la-charge\/"},"modified":"2020-09-19T06:00:00","modified_gmt":"2020-09-19T10:00:00","slug":"les-commercants-de-boissons-alcoolisees-reviennent-a-la-charge","status":"publish","type":"post","link":"https:\/\/linitiative.ca\/International\/les-commercants-de-boissons-alcoolisees-reviennent-a-la-charge\/","title":{"rendered":"Les commer\u00e7ants de boissons alcoolis\u00e9es reviennent \u00e0 la charge"},"content":{"rendered":"<p>Les g\u00e9rants des d\u00e9bits de boissons alcoolis\u00e9es et autres bars et restaurants sont redescendus dans la rue, dans la matin\u00e9e de jeudi, \u00e0 travers un rassemblement de protestation devant le si\u00e8ge de la Wilaya.<br \/>Venus des diff\u00e9rentes municipalit\u00e9s de la r\u00e9gion, ils esp\u00e9raient, apr\u00e8s huit regroupements tenus au m\u00eame endroit depuis le d\u00e9confinement graduel, voir le chef de l\u2019ex\u00e9cutif de la wilaya de B\u00e9ja\u00efa se pencher sur leur cas et les autoriser \u00e0 reprendre le travail \u00e0 l\u2019instar des caf\u00e9s, restaurants et h\u00f4tels.<br \/>Une \u00e9ni\u00e8me action vaine puisque les manifestants se sont s\u00e9par\u00e9s encore une fois avec un profond sentiment de d\u00e9ception et de col\u00e8re devant \u00ab le refus \u00bb de la premi\u00e8re autorit\u00e9 de la wilaya de leur accorder le fameux \u00ab quitus \u00bb pour rouvrir leurs commerces. Apr\u00e8s pr\u00e8s d\u2019une heure d\u2019attente devant l\u2019entr\u00e9e principale du si\u00e8ge de la Wilaya, le pr\u00e9sident de l\u2019APW, Mehenni Haddadou, rencontre des manifestants pour leur annoncer que la commission de wilaya tiendra une r\u00e9union sous la pr\u00e9sidence du wali pour \u00e9tudier leur cas. Au fil du temps, l\u2019attente devenait de plus en plus pesante pour les protestataires qui s\u2019impatientaient devant le long retard du responsable de l\u2019administration locale \u00e0 r\u00e9pondre \u00e0 leur dol\u00e9ance.<br \/>Le calme qui a r\u00e9gn\u00e9 au d\u00e9but de la manifestation a laiss\u00e9 place \u00e0 une vive tension parmi les contestataires qui ont d\u00e9cid\u00e9 de bloquer l\u2019entr\u00e9e principale du bloc administratif de la Wilaya.<br \/>La situation a failli d\u00e9g\u00e9n\u00e9rer \u00e0 l\u2019arriv\u00e9e d\u2019une voiture de police avec, \u00e0 son bord, l\u2019adjoint chef de S\u00fbret\u00e9 de wilaya venu assister \u00e0 la r\u00e9union, \u00e0 qui les manifestants ont bloqu\u00e9 le passage. Peu avant midi, le premier responsable de l\u2019institution \u00e9lue de la wilaya revient \u00e0 la rencontre des manifestants pour leur signifier enfin la d\u00e9cision de la commission de wilaya.<br \/>\u00ab Le wali attend que la d\u00e9cision soit prise par le gouvernement habilit\u00e9 \u00e0 trancher. Le wali vous demande de patienter \u00bb, a lanc\u00e9 en substance le P\/APW aux g\u00e9rants. La r\u00e9ponse du wali diff\u00e9rant la date de reprise de leurs activit\u00e9s tombe tel un couperet. Tr\u00e8s remont\u00e9s par le \u00ab refus \u00bb du wali d\u2019acc\u00e9der favorablement \u00e0 leur demande, ils ont pris la d\u00e9cision de radicaliser leur mouvement en proc\u00e9dant, demain dimanche, \u00e0 la fermeture des deux axes routiers importants (RN 9 et 26) reliant le chef-lieu de la wilaya \u00e0 l\u2019est et au centre du pays au niveau de Thala-Khaled (Aokas)et Takriets (Souk-Oufella) pour se faire entendre des autorit\u00e9s et obtenir enfin une autorisation de reprise de travail.<br \/>\u00ab On nous demande encore de patienter, jusqu\u2019\u00e0 quand ? Nous avons aussi des familles \u00e0 nourrir. Voil\u00e0 plus de six mois que nos commerces sont ferm\u00e9s, nous sommes \u00e0 bout, sans aucun sou. Nous ne pouvons plus attendre \u00bb, tonnent-ils. \u00ab Nous sommes conscients de la radicalit\u00e9 de notre action et des d\u00e9sagr\u00e9ments qu\u2019elle va engendrer \u00e0 d\u2019autres simples citoyens comme nous dans leurs d\u00e9placements, mais nous n\u2019avons pas d\u2019autre choix pour nous faire entendre \u00bb, fait observer un autre manifestant. Une d\u00e9cision partag\u00e9e \u00e0 l\u2019unanimit\u00e9 par les g\u00e9rants pr\u00e9sents au rassemblement qui se sont donn\u00e9 rendez-vous demain sur la RN 26 \u00e0 Takriets, situ\u00e9e \u00e0 5 km de Sidi-A\u00efch, pour ceux exer\u00e7ant dans la vall\u00e9e de la Soummam et pour la RN 9, au niveau de Thala-Khaled (Aokas) pour les commer\u00e7ants de la c\u00f4te-est b\u00e9jaouie.<br \/>A. Kersani<\/p>\n<p>Auteur:<br \/>\n<a href=\"https:\/\/www.lesoirdalgerie.com\/regions\/les-commercants-de-boissons-alcoolisees-reviennent-a-la-charge-48384\">Cliquez ici pour lire l&rsquo;article depuis sa source.<\/a><\/p>\n","protected":false},"excerpt":{"rendered":"<p>Les g\u00e9rants des d\u00e9bits de boissons alcoolis\u00e9es et autres bars et restaurants sont redescendus dans la rue, dans la matin\u00e9e de jeudi, \u00e0 travers un rassemblement de protestation devant le si\u00e8ge de la Wilaya.Venus des diff\u00e9rentes municipalit\u00e9s de la r\u00e9gion, ils esp\u00e9raient, apr\u00e8s huit regroupements tenus au m\u00eame endroit depuis le d\u00e9confinement graduel, voir le [&hellip;]<\/p>\n","protected":false},"author":1741,"featured_media":0,"comment_status":"closed","ping_status":"closed","sticky":false,"template":"","format":"standard","meta":{"fifu_image_url":"","fifu_image_alt":"","footnotes":""},"categories":[73,53],"tags":[],"class_list":["post-99325","post","type-post","status-publish","format-standard","hentry","category-actualite","category-algerie"],"_links":{"self":[{"href":"https:\/\/linitiative.ca\/International\/wp-json\/wp\/v2\/posts\/99325","targetHints":{"allow":["GET"]}}],"collection":[{"href":"https:\/\/linitiative.ca\/International\/wp-json\/wp\/v2\/posts"}],"about":[{"href":"https:\/\/linitiative.ca\/International\/wp-json\/wp\/v2\/types\/post"}],"author":[{"embeddable":true,"href":"https:\/\/linitiative.ca\/International\/wp-json\/wp\/v2\/users\/1741"}],"replies":[{"embeddable":true,"href":"https:\/\/linitiative.ca\/International\/wp-json\/wp\/v2\/comments?post=99325"}],"version-history":[{"count":0,"href":"https:\/\/linitiative.ca\/International\/wp-json\/wp\/v2\/posts\/99325\/revisions"}],"wp:attachment":[{"href":"https:\/\/linitiative.ca\/International\/wp-json\/wp\/v2\/media?parent=99325"}],"wp:term":[{"taxonomy":"category","embeddable":true,"href":"https:\/\/linitiative.ca\/International\/wp-json\/wp\/v2\/categories?post=99325"},{"taxonomy":"post_tag","embeddable":true,"href":"https:\/\/linitiative.ca\/International\/wp-json\/wp\/v2\/tags?post=99325"}],"curies":[{"name":"wp","href":"https:\/\/api.w.org\/{rel}","templated":true}]}}