{"id":99331,"date":"2020-09-19T08:18:02","date_gmt":"2020-09-19T12:18:02","guid":{"rendered":"https:\/\/linitiative.ca\/International\/uemoa-21-administrateurs-certifies-recoivent-leurs-parchemins-a-abidjan\/"},"modified":"2020-09-19T08:18:02","modified_gmt":"2020-09-19T12:18:02","slug":"uemoa-21-administrateurs-certifies-recoivent-leurs-parchemins-a-abidjan","status":"publish","type":"post","link":"https:\/\/linitiative.ca\/International\/uemoa-21-administrateurs-certifies-recoivent-leurs-parchemins-a-abidjan\/","title":{"rendered":"Uemoa : 21 administrateurs certifi\u00e9s re\u00e7oivent leurs parchemins \u00e0 Abidjan"},"content":{"rendered":"<div readability=\"32\">\n<p>Publi\u00e9 le 19.09.2020 \u00e0 13h18 par APA News<\/p>\n<\/div>\n<div readability=\"94\">\n<p>Vingt et un cadres de haut niveau d\u2019entreprises publiques et priv\u00e9es de l\u2019espace Uemoa (Union \u00e9conomique et mon\u00e9taire ouest-africaine) ont re\u00e7u vendredi \u00e0 Abidjan le Certificat des administrateurs certifi\u00e9s de soci\u00e9t\u00e9s, lors d\u2019une c\u00e9r\u00e9monie.Ces laur\u00e9ats repr\u00e9sentent la premi\u00e8re promotion des auditeurs du Certificat des administrateurs de soci\u00e9t\u00e9s de l\u2019Uemoa (CAS-Uemoa), une formation organis\u00e9e par l\u2019Institut national des administrateurs de C\u00f4te d\u2019Ivoire (INAD-CI).\u00a0<\/p>\n<p>Viviane Zunon Kipr\u00e9, la pr\u00e9sidente de l\u2019INAD-CI, a d\u00e9clar\u00e9 que ce programme de formation de ces cadres des directions g\u00e9n\u00e9rales et techniques vise \u00e0 faire \u00ab le deuil de la m\u00e9diocrit\u00e9 en \u00e9crivant les pages de l\u2019excellence, de la qualit\u00e9, du m\u00e9rite, du travail bien fait et surtout du savoir-faire \u00bb.\u00a0<\/p>\n<p>Le pr\u00e9sident de cette c\u00e9r\u00e9monie de remise des certificats, N\u2019Golo Coulibaly, le pr\u00e9sident de la Haute autorit\u00e9 pour la bonne gouvernance de C\u00f4te d\u2019Ivoire, indiqu\u00e9 \u00e0 ses filleuls que outre l\u2019exp\u00e9rience et les techniques acquises, ils devront faire preuve d\u2019un \u00ab comportement \u00e9thique \u00bb.\u00a0<\/p>\n<p>Pour r\u00e9aliser ce programme, l\u2019INADCI s\u2019est associ\u00e9 au coll\u00e8ge des administrateurs cr\u00e9e par l\u2019Universit\u00e9 Laval, au Canada, \u00e0 des partenaires au Maroc et des organismes sp\u00e9cialis\u00e9s locaux pour administrer les modules estim\u00e9s \u00e0 six, en 160 heures (sur six mois).\u00a0<\/p>\n<p>L\u2019objectif de cette formation est de garantir le recrutement d\u2019administrateurs comp\u00e9tents. Mamadou Ouattara, le porte-parole des r\u00e9cipiendaires, a assur\u00e9 que ces premiers administrateurs certifi\u00e9s de l\u2019Uemoa, travailleront aux fins de relever les d\u00e9fis des entit\u00e9s qu\u2019ils dirigent.<\/p>\n<p>Le directeur de Cabinet du ministre du Budget et du portefeuille de l\u2019Etat, Adama Sall, repr\u00e9sentant le ministre, a fait observer que cette c\u00e9r\u00e9monie de remise de parchemins marque une nouvelle \u00e8re, invitant les administrateurs certifi\u00e9s \u00e0 des actions utiles et \u00e0 un engagement personnel.<\/p>\n<p>La premi\u00e8re promotion des auditeurs du Certificat des administrateurs de soci\u00e9t\u00e9 CAS-Uemoa comprend 21 membres. Il s\u2019agit d\u2019un Camerounais, un Malien, \u00a0un Togolais, un B\u00e9ninois, un Fran\u00e7ais et 16 Ivoiriens.<\/p>\n<p>L\u2019Ivoirien Daouda Coulibaly, directeur \u00a0g\u00e9n\u00e9ral de la Soci\u00e9t\u00e9 ivoirienne de banque (SIB), une banque priv\u00e9e \u00e0 capitaux majoritairement marocains, est le major de cette premi\u00e8re promotion. Il est dipl\u00f4m\u00e9 de HEC Paris.\u00a0<\/p>\n<\/div>\n<p>Auteur: APA News<br \/>\n<a href=\"https:\/\/www.journalducameroun.com\/uemoa-21-administrateurs-certifies-recoivent-leurs-parchemins-a-abidjan\/\">Cliquez ici pour lire l&rsquo;article depuis sa source.<\/a><\/p>\n","protected":false},"excerpt":{"rendered":"<p>Publi\u00e9 le 19.09.2020 \u00e0 13h18 par APA News Vingt et un cadres de haut niveau d\u2019entreprises publiques et priv\u00e9es de l\u2019espace Uemoa (Union \u00e9conomique et mon\u00e9taire ouest-africaine) ont re\u00e7u vendredi \u00e0 Abidjan le Certificat des administrateurs certifi\u00e9s de soci\u00e9t\u00e9s, lors d\u2019une c\u00e9r\u00e9monie.Ces laur\u00e9ats repr\u00e9sentent la premi\u00e8re promotion des auditeurs du Certificat des administrateurs de soci\u00e9t\u00e9s [&hellip;]<\/p>\n","protected":false},"author":1965,"featured_media":0,"comment_status":"closed","ping_status":"closed","sticky":false,"template":"","format":"standard","meta":{"fifu_image_url":"","fifu_image_alt":"","footnotes":""},"categories":[73,82],"tags":[],"class_list":["post-99331","post","type-post","status-publish","format-standard","hentry","category-actualite","category-cameroun"],"_links":{"self":[{"href":"https:\/\/linitiative.ca\/International\/wp-json\/wp\/v2\/posts\/99331","targetHints":{"allow":["GET"]}}],"collection":[{"href":"https:\/\/linitiative.ca\/International\/wp-json\/wp\/v2\/posts"}],"about":[{"href":"https:\/\/linitiative.ca\/International\/wp-json\/wp\/v2\/types\/post"}],"author":[{"embeddable":true,"href":"https:\/\/linitiative.ca\/International\/wp-json\/wp\/v2\/users\/1965"}],"replies":[{"embeddable":true,"href":"https:\/\/linitiative.ca\/International\/wp-json\/wp\/v2\/comments?post=99331"}],"version-history":[{"count":0,"href":"https:\/\/linitiative.ca\/International\/wp-json\/wp\/v2\/posts\/99331\/revisions"}],"wp:attachment":[{"href":"https:\/\/linitiative.ca\/International\/wp-json\/wp\/v2\/media?parent=99331"}],"wp:term":[{"taxonomy":"category","embeddable":true,"href":"https:\/\/linitiative.ca\/International\/wp-json\/wp\/v2\/categories?post=99331"},{"taxonomy":"post_tag","embeddable":true,"href":"https:\/\/linitiative.ca\/International\/wp-json\/wp\/v2\/tags?post=99331"}],"curies":[{"name":"wp","href":"https:\/\/api.w.org\/{rel}","templated":true}]}}