{"id":99332,"date":"2020-09-19T08:18:04","date_gmt":"2020-09-19T12:18:04","guid":{"rendered":"https:\/\/linitiative.ca\/International\/social-et-sante-au-menu-des-quotidiens-marocains\/"},"modified":"2020-09-19T08:18:04","modified_gmt":"2020-09-19T12:18:04","slug":"social-et-sante-au-menu-des-quotidiens-marocains","status":"publish","type":"post","link":"https:\/\/linitiative.ca\/International\/social-et-sante-au-menu-des-quotidiens-marocains\/","title":{"rendered":"Social et sant\u00e9 au menu des quotidiens marocains"},"content":{"rendered":"<div readability=\"32\">\n<p>Publi\u00e9 le 19.09.2020 \u00e0 13h18 par APA News<\/p>\n<\/div>\n<div readability=\"112\">\n<p>Les quotidiens et hebdomadaires marocains parus ce samedi se focalisent sur le crime odieux perp\u00e9tr\u00e9 \u00e0 Tanger, la pand\u00e9mie de la Covid-19 et les financements re\u00e7us par les associations marocaines.Revenant sur le crime odieux perp\u00e9tr\u00e9 \u00e0 Tanger contre le jeune Adnane Bouchouf, la +Nouvelle Tribune+ estime que les autorit\u00e9s en charge de l\u2019ordre et de la s\u00e9curit\u00e9 des citoyens doivent absolument et dans les d\u00e9lais les plus brefs possibles, \u00ab adopter des proc\u00e9dures pour prot\u00e9ger les plus innocents d\u2019entre nous, les enfants \u00bb.<\/p>\n<p>L\u2019hebdomadaire pr\u00e9conise, dans ce sens, de mettre en place les m\u00e9canismes tels que ceux qui existent notamment en France comme \u00ab alerte enl\u00e8vement \u00bb, qui permettent d\u2019informer tr\u00e8s rapidement, par les moyens audiovisuels notamment, sur de possibles kidnapping ou des disparitions inqui\u00e9tantes, comportant des appels \u00e0 t\u00e9moins et la diffusion de photos des victimes et des criminels.<\/p>\n<p>Dans la m\u00eame lign\u00e9e, +Finances News Hebdo+ souligne qu\u2019aujourd\u2019hui, il est peut-\u00eatre temps de poser un vrai d\u00e9bat sur la protection des enfants en g\u00e9n\u00e9ral et de briser tous ces tabous qui emp\u00eachent la soci\u00e9t\u00e9 d\u2019aborder avec eux certains sujets comme l\u2019\u00e9ducation sexuelle.<\/p>\n<p>\u00c9veiller nos enfants, leur inculquer une certaine capacit\u00e9 de discernement, leur donner les cl\u00e9s pour sonner l\u2019alerte en cas de comportement malsain \u00e0 leur \u00e9gard, revient uniquement \u00e0 mieux les prot\u00e9ger, explique la publication, notant que \u00ab sinon, tant que nous resterons prisonniers du \u00abhchouma\u00bb et d\u2019une certaine forme de pudeur, ils seront \u00e0 la merci des pervers \u00bb.<\/p>\n<p>Abordant la crise sanitaire, +Telquel+ \u00e9crit que les jours se suivent et se ressemblent, et les politiques de \u00ab containment \u00bb du virus ne bougent pas d\u2019un iota, notant qu\u2019 \u00ab au moindre fr\u00e9missement du Covid-19, une interdiction de circuler, une fermeture d\u2019\u00e9cole, une mise sous scell\u00e9s d\u2019une usine, un nouveau couvre-feu\u2026 \u00bb.<\/p>\n<p>On peut certes compatir avec un Etat ext\u00e9nu\u00e9 par l\u2019\u00e9tirement de cette parenth\u00e8se \u00e9pid\u00e9mique, ne sachant plus quelles solutions mettre en \u0153uvre pour conserver un semblant de contr\u00f4le sur la situation, conc\u00e8de le journal, \u00ab mais l\u2019approche manque de finesse, de souplesse \u00bb.<\/p>\n<p>+Al Massae+ rapporte que les associations marocaines ont re\u00e7u, entre avril 2019 et avril 2020, l\u2019\u00e9quivalent de pr\u00e8s de 400 millions de dirhams (1 euro = 10,8 DH) de bailleurs de fonds de provenance \u00e9trang\u00e8re.<\/p>\n<p>Bien s\u00fbr, le chiffre r\u00e9el pourrait \u00eatre bien plus important si l\u2019on ajoute la somme des montants non-d\u00e9clar\u00e9s par ces associations. En effet, ces derni\u00e8res sont tenues, de par la loi, de faire une d\u00e9claration aupr\u00e8s du Secr\u00e9tariat g\u00e9n\u00e9ral du gouvernement (SGG) reprenant la totalit\u00e9 des montants des financements qu\u2019elles auront re\u00e7u de bailleurs de fonds \u00e9trangers.<\/p>\n<p>Ainsi, explique le quotidien, les services concern\u00e9s du SGG ont re\u00e7u, entre avril 2019 et avril 2020, pas moins de 903 d\u00e9clarations \u00e9manant de 218 associations relatives aux subventions qu\u2019elles ont re\u00e7ues des pays \u00e9trangers ou des associations ou encore des organisations internationales.<\/p>\n<\/div>\n<p>Auteur: APA News<br \/>\n<a href=\"https:\/\/www.journalducameroun.com\/social-et-sante-au-menu-des-quotidiens-marocains\/\">Cliquez ici pour lire l&rsquo;article depuis sa source.<\/a><\/p>\n","protected":false},"excerpt":{"rendered":"<p>Publi\u00e9 le 19.09.2020 \u00e0 13h18 par APA News Les quotidiens et hebdomadaires marocains parus ce samedi se focalisent sur le crime odieux perp\u00e9tr\u00e9 \u00e0 Tanger, la pand\u00e9mie de la Covid-19 et les financements re\u00e7us par les associations marocaines.Revenant sur le crime odieux perp\u00e9tr\u00e9 \u00e0 Tanger contre le jeune Adnane Bouchouf, la +Nouvelle Tribune+ estime que [&hellip;]<\/p>\n","protected":false},"author":1965,"featured_media":0,"comment_status":"closed","ping_status":"closed","sticky":false,"template":"","format":"standard","meta":{"fifu_image_url":"","fifu_image_alt":"","footnotes":""},"categories":[73,82],"tags":[],"class_list":["post-99332","post","type-post","status-publish","format-standard","hentry","category-actualite","category-cameroun"],"_links":{"self":[{"href":"https:\/\/linitiative.ca\/International\/wp-json\/wp\/v2\/posts\/99332","targetHints":{"allow":["GET"]}}],"collection":[{"href":"https:\/\/linitiative.ca\/International\/wp-json\/wp\/v2\/posts"}],"about":[{"href":"https:\/\/linitiative.ca\/International\/wp-json\/wp\/v2\/types\/post"}],"author":[{"embeddable":true,"href":"https:\/\/linitiative.ca\/International\/wp-json\/wp\/v2\/users\/1965"}],"replies":[{"embeddable":true,"href":"https:\/\/linitiative.ca\/International\/wp-json\/wp\/v2\/comments?post=99332"}],"version-history":[{"count":0,"href":"https:\/\/linitiative.ca\/International\/wp-json\/wp\/v2\/posts\/99332\/revisions"}],"wp:attachment":[{"href":"https:\/\/linitiative.ca\/International\/wp-json\/wp\/v2\/media?parent=99332"}],"wp:term":[{"taxonomy":"category","embeddable":true,"href":"https:\/\/linitiative.ca\/International\/wp-json\/wp\/v2\/categories?post=99332"},{"taxonomy":"post_tag","embeddable":true,"href":"https:\/\/linitiative.ca\/International\/wp-json\/wp\/v2\/tags?post=99332"}],"curies":[{"name":"wp","href":"https:\/\/api.w.org\/{rel}","templated":true}]}}