{"id":99333,"date":"2020-09-19T14:18:02","date_gmt":"2020-09-19T18:18:02","guid":{"rendered":"https:\/\/linitiative.ca\/International\/la-presse-en-ligne-en-cote-divoire-sauto-regule-pour-plus-de-credibilite\/"},"modified":"2020-09-19T14:18:02","modified_gmt":"2020-09-19T18:18:02","slug":"la-presse-en-ligne-en-cote-divoire-sauto-regule-pour-plus-de-credibilite","status":"publish","type":"post","link":"https:\/\/linitiative.ca\/International\/la-presse-en-ligne-en-cote-divoire-sauto-regule-pour-plus-de-credibilite\/","title":{"rendered":"La presse en ligne en C\u00f4te d\u2019Ivoire s\u2019auto-r\u00e9gule pour plus de cr\u00e9dibilit\u00e9"},"content":{"rendered":"<div readability=\"32\">\n<p>Publi\u00e9 le 19.09.2020 \u00e0 19h18 par APA News<\/p>\n<\/div>\n<div readability=\"105\">\n<p>La presse en ligne de C\u00f4te d\u2019Ivoire, \u00e0 travers l\u2019Observatoire des m\u00e9dias num\u00e9riques de C\u00f4te d\u2019Ivoire (OMENCI), cr\u00e9\u00e9 par le R\u00e9seau des professionnels de la presse en ligne (Repprelci), s\u2019auto-r\u00e9gule pour plus de cr\u00e9dibilit\u00e9 des productions en ligne.Au cours d\u2019un atelier sur la place des femmes et des discours religieux dans les m\u00e9dias, vendredi \u00e0 l\u2019ISCT Polytechnique de Codcody, dans l\u2019Est d\u2019Abidjan, le pr\u00e9sident du Repprelci, Lassina Serm\u00e9, a pr\u00e9sent\u00e9 l\u2019OMENCI, un instrument qui permet de casser les codes n\u00e9gatifs sur ces deux facteurs.<\/p>\n<p>Cet observatoire a pour mission de veiller au respect de l\u2019\u00e9thique et la d\u00e9ontologie du secteur, de promouvoir \u00e0 la libert\u00e9 de la presse et assurer la m\u00e9diation. Il fait des monitorings sur la base d\u2019une grille de lecture qui permet d\u2019indexer les articles contraires \u00e0 la d\u00e9ontologie.<\/p>\n<p>En cas de manquements, l\u2019OMENCI proc\u00e8de \u00e0 des interpellations de l\u2019organe de presse, qui peuvent \u00eatre suivies de sanctions. L\u2019observatoire associe, entre autre, un repr\u00e9sentant des journaux en ligne, des agr\u00e9gateurs, des consommateurs des productions des m\u00e9dias num\u00e9riques, des web Tv et des web radios.<\/p>\n<p>Il peut \u00eatre saisi \u00e0 tout moment par tout int\u00e9ress\u00e9, mais par \u00e9crit. Si l\u2019\u00e9l\u00e9ment incrimin\u00e9 est av\u00e9r\u00e9, \u00a0l\u2019Observatoire peut prononcer des sanctions disciplinaires : l\u2019avertissement, le bl\u00e2me, l\u2019amende, proposer le retrait de la carte de journaliste professionnel.<\/p>\n<p>Quant \u00e0 la place des femmes dans les m\u00e9dias, sujet dominant des \u00e9changes, M. Serm\u00e9 a fait savoir que les femmes ont beaucoup de potentialit\u00e9s, \u00a0toutefois elles devraient oser et avoir beaucoup de courage pour s\u2019engager dans des d\u00e9bats et des organismes afin d\u2019avoir droit aux chapitres de discussions.<\/p>\n<p>M. Lucien Houedanou, journaliste consultant, a pour sa part, appel\u00e9 les femmes \u00e0 occuper les espaces existant pour parler des questions de femmes. A l\u2019endroit des m\u00e9dias, il a invit\u00e9 ses confr\u00e8res \u00e0 \u00ab multiplier et assurer \u00a0les articles qui valorisent le droit des femmes \u00bb.<\/p>\n<p>\u00ab On peut proposer que les religieux mettent en lumi\u00e8re \u00e0 la lecture des livres saints la promotion de la femme parce qu\u2019elles existent et il faut faire attention \u00e0 les mettre en \u00e9vidence \u00bb, a -t -il poursuivi, soutenant qu\u2019il faut mettre dans les contextes ce que les saintes \u00e9critures disent sur la femme.<\/p>\n<p>Le pr\u00e9sident du Repprelci a rappel\u00e9 que, selon des donn\u00e9es de janvier 2020, la C\u00f4te d\u2019Ivoire compte plus de 12 millions de personnes utilisateurs de l\u2019Internet et 4,9 millions sur les r\u00e9seaux sociaux. Et, plusieurs femmes sont connect\u00e9es \u00e0 Internet.<\/p>\n<p>La C\u00f4te d\u2019Ivoire qui enregistre quelque 25 millions d\u2019habitants compte un nombre de \u00ab plus de 31 millions de personnes ayant des mobiles connect\u00e9s \u00e0 Internet \u00bb. Ce qui d\u00e9note de l\u2019importance de l\u2019espace num\u00e9rique dans le pays.<\/p>\n<\/div>\n<p>Auteur: APA News<br \/>\n<a href=\"https:\/\/www.journalducameroun.com\/la-presse-en-ligne-en-cote-divoire-sauto-regule-pour-plus-de-credibilite\/\">Cliquez ici pour lire l&rsquo;article depuis sa source.<\/a><\/p>\n","protected":false},"excerpt":{"rendered":"<p>Publi\u00e9 le 19.09.2020 \u00e0 19h18 par APA News La presse en ligne de C\u00f4te d\u2019Ivoire, \u00e0 travers l\u2019Observatoire des m\u00e9dias num\u00e9riques de C\u00f4te d\u2019Ivoire (OMENCI), cr\u00e9\u00e9 par le R\u00e9seau des professionnels de la presse en ligne (Repprelci), s\u2019auto-r\u00e9gule pour plus de cr\u00e9dibilit\u00e9 des productions en ligne.Au cours d\u2019un atelier sur la place des femmes et [&hellip;]<\/p>\n","protected":false},"author":1965,"featured_media":0,"comment_status":"closed","ping_status":"closed","sticky":false,"template":"","format":"standard","meta":{"fifu_image_url":"","fifu_image_alt":"","footnotes":""},"categories":[73,82],"tags":[],"class_list":["post-99333","post","type-post","status-publish","format-standard","hentry","category-actualite","category-cameroun"],"_links":{"self":[{"href":"https:\/\/linitiative.ca\/International\/wp-json\/wp\/v2\/posts\/99333","targetHints":{"allow":["GET"]}}],"collection":[{"href":"https:\/\/linitiative.ca\/International\/wp-json\/wp\/v2\/posts"}],"about":[{"href":"https:\/\/linitiative.ca\/International\/wp-json\/wp\/v2\/types\/post"}],"author":[{"embeddable":true,"href":"https:\/\/linitiative.ca\/International\/wp-json\/wp\/v2\/users\/1965"}],"replies":[{"embeddable":true,"href":"https:\/\/linitiative.ca\/International\/wp-json\/wp\/v2\/comments?post=99333"}],"version-history":[{"count":0,"href":"https:\/\/linitiative.ca\/International\/wp-json\/wp\/v2\/posts\/99333\/revisions"}],"wp:attachment":[{"href":"https:\/\/linitiative.ca\/International\/wp-json\/wp\/v2\/media?parent=99333"}],"wp:term":[{"taxonomy":"category","embeddable":true,"href":"https:\/\/linitiative.ca\/International\/wp-json\/wp\/v2\/categories?post=99333"},{"taxonomy":"post_tag","embeddable":true,"href":"https:\/\/linitiative.ca\/International\/wp-json\/wp\/v2\/tags?post=99333"}],"curies":[{"name":"wp","href":"https:\/\/api.w.org\/{rel}","templated":true}]}}