{"id":99334,"date":"2020-09-19T15:18:03","date_gmt":"2020-09-19T19:18:03","guid":{"rendered":"https:\/\/linitiative.ca\/International\/cote-divoire-covid-19-la-centrale-syndicale-humanisme-exige-la-reintegration-des-travailleurs-licencies\/"},"modified":"2020-09-19T15:18:03","modified_gmt":"2020-09-19T19:18:03","slug":"cote-divoire-covid-19-la-centrale-syndicale-humanisme-exige-la-reintegration-des-travailleurs-licencies","status":"publish","type":"post","link":"https:\/\/linitiative.ca\/International\/cote-divoire-covid-19-la-centrale-syndicale-humanisme-exige-la-reintegration-des-travailleurs-licencies\/","title":{"rendered":"C\u00f4te d\u2019Ivoire\/Covid-19: la Centrale syndicale Humanisme exige la r\u00e9int\u00e9gration des travailleurs licenci\u00e9s"},"content":{"rendered":"<div readability=\"32\">\n<p>Publi\u00e9 le 19.09.2020 \u00e0 20h18 par APA News<\/p>\n<\/div>\n<div readability=\"75\">\n<p>La Centrale syndicale Humanisme, l\u2019une des principales organisations des travailleurs ivoiriens, a exig\u00e9 samedi \u00e0 Abidjan, la r\u00e9int\u00e9gration de tous les travailleurs licenci\u00e9s pour motifs \u00e9conomiques en C\u00f4te d\u2019Ivoire pendant la p\u00e9riode de la Covid-19.\u00a0\u00ab Nous exigeons la r\u00e9int\u00e9gration de tous les travailleurs licenci\u00e9s pour motifs \u00e9conomiques durant cette p\u00e9riode (de la Covid-19). Il faut qu\u2019ils soient r\u00e9int\u00e9gr\u00e9s \u00bb, a d\u00e9clar\u00e9 Mamadou Soro, le secr\u00e9taire g\u00e9n\u00e9ral de la Centrale syndicale Humanisme peu avant la fin des travaux du premier congr\u00e8s ordinaire de cette centrale avec \u00e0 son ordre du jour le renouvellement des instances.<\/p>\n<p>\u00ab Nous \u00a0ouvrons le dialogue social sur le salaire minimum agricole garanti (SMAG) qui est de 22 000 FCFA dans notre pays. Il faut le relever pour atteindre le m\u00eame niveau que le \u00a0SMIG \u00e0 60 000 FCFA\u00bb, a poursuivi M. Soro, candidat \u00e0 sa propre succession.\u00a0<\/p>\n<p>\u00a0Ces assises qui se sont ouvertes la semaine derni\u00e8re autour du th\u00e8me : \u00ab les travailleurs face \u00e0 la crise de l\u2019emploi caus\u00e9e par la Covid-19 : quelle riposte?\u00bb ont permis d\u2019\u00e9laborer le plan d\u2019actions strat\u00e9giques 2020-2030 de cette centrale syndicale.<\/p>\n<p>Selon Mamadou Soro, environ 27 000 travailleurs ont \u00e9t\u00e9 licenci\u00e9s abusivement en C\u00f4te d\u2019Ivoire pendant la crise sanitaire de la Covid-19 et pour le secteur informel, 1 200 000 unit\u00e9s de production informelles sont aux arr\u00eats.<\/p>\n<p>\u00abC\u2019est la reprise de toutes ces activit\u00e9s que nous demandons par des appuis publics cons\u00e9quents et rapide\u00bb, a plaid\u00e9 M. Soro. Par ailleurs, il a demand\u00e9 aux autorit\u00e9s ivoiriennes d\u2019assouplir les conditions d\u2019\u00e9ligibilit\u00e9 des entreprises au fonds de soutien Covid-19 mis en place par le gouvernement.<\/p>\n<p>\u00ab Nous avons propos\u00e9 qu\u2019effectivement le gouvernement aille plus loin en assouplissant les conditions d\u2019acc\u00e8s aux fonds Covid-19 destin\u00e9s aux entreprises de C\u00f4te d\u2019Ivoire. Parce que le point que le ministre de l\u2019\u00e9conomie et des finances a fait, indique clairement que seules \u00a029 entreprises ont pu b\u00e9n\u00e9ficier de 10 milliards FCFA. Cela veut dire que nous avons constat\u00e9 ensemble que les conditions d\u2019\u00e9ligibilit\u00e9 \u00e0 ces fonds sont trop s\u00e9lectives\u00bb, a soutenu M. Soro.<\/p>\n<p>\u00a0Dans la foul\u00e9e, le secr\u00e9taire g\u00e9n\u00e9ral sortant de la Centrale syndicale Humanisme a appel\u00e9 \u00e0 une \u00e9lection pr\u00e9sidentielle apais\u00e9e en C\u00f4te d\u2019Ivoire estimant que la crise post-\u00e9lectorale ivoirienne de 2010-2011 a \u00e9t\u00e9 \u00ab tr\u00e8s \u00e9prouvante \u00bb pour les travailleurs de C\u00f4te d\u2019Ivoire.<\/p>\n<\/div>\n<p>Auteur: APA News<br \/>\n<a href=\"https:\/\/www.journalducameroun.com\/cote-divoire-covid-19-la-centrale-syndicale-humanisme-exige-la-reintegration-des-travailleurs-licencies\/\">Cliquez ici pour lire l&rsquo;article depuis sa source.<\/a><\/p>\n","protected":false},"excerpt":{"rendered":"<p>Publi\u00e9 le 19.09.2020 \u00e0 20h18 par APA News La Centrale syndicale Humanisme, l\u2019une des principales organisations des travailleurs ivoiriens, a exig\u00e9 samedi \u00e0 Abidjan, la r\u00e9int\u00e9gration de tous les travailleurs licenci\u00e9s pour motifs \u00e9conomiques en C\u00f4te d\u2019Ivoire pendant la p\u00e9riode de la Covid-19.\u00a0\u00ab Nous exigeons la r\u00e9int\u00e9gration de tous les travailleurs licenci\u00e9s pour motifs \u00e9conomiques [&hellip;]<\/p>\n","protected":false},"author":1965,"featured_media":0,"comment_status":"closed","ping_status":"closed","sticky":false,"template":"","format":"standard","meta":{"fifu_image_url":"","fifu_image_alt":"","footnotes":""},"categories":[73,82],"tags":[],"class_list":["post-99334","post","type-post","status-publish","format-standard","hentry","category-actualite","category-cameroun"],"_links":{"self":[{"href":"https:\/\/linitiative.ca\/International\/wp-json\/wp\/v2\/posts\/99334","targetHints":{"allow":["GET"]}}],"collection":[{"href":"https:\/\/linitiative.ca\/International\/wp-json\/wp\/v2\/posts"}],"about":[{"href":"https:\/\/linitiative.ca\/International\/wp-json\/wp\/v2\/types\/post"}],"author":[{"embeddable":true,"href":"https:\/\/linitiative.ca\/International\/wp-json\/wp\/v2\/users\/1965"}],"replies":[{"embeddable":true,"href":"https:\/\/linitiative.ca\/International\/wp-json\/wp\/v2\/comments?post=99334"}],"version-history":[{"count":0,"href":"https:\/\/linitiative.ca\/International\/wp-json\/wp\/v2\/posts\/99334\/revisions"}],"wp:attachment":[{"href":"https:\/\/linitiative.ca\/International\/wp-json\/wp\/v2\/media?parent=99334"}],"wp:term":[{"taxonomy":"category","embeddable":true,"href":"https:\/\/linitiative.ca\/International\/wp-json\/wp\/v2\/categories?post=99334"},{"taxonomy":"post_tag","embeddable":true,"href":"https:\/\/linitiative.ca\/International\/wp-json\/wp\/v2\/tags?post=99334"}],"curies":[{"name":"wp","href":"https:\/\/api.w.org\/{rel}","templated":true}]}}