{"id":99343,"date":"2020-09-20T09:52:23","date_gmt":"2020-09-20T13:52:23","guid":{"rendered":"https:\/\/linitiative.ca\/International\/la-bataille-regionale\/"},"modified":"2020-09-20T09:52:23","modified_gmt":"2020-09-20T13:52:23","slug":"la-bataille-regionale","status":"publish","type":"post","link":"https:\/\/linitiative.ca\/International\/la-bataille-regionale\/","title":{"rendered":"La bataille r\u00e9gionale !"},"content":{"rendered":"<p class=\"has-text-color c2\"><strong>La lutte contre la Covid-19 se poursuit \u00e0 pied ferme dans nombre de villes du pays. Le virus ne l\u00e2che pas prise et sa virulence exponentielle fait des ravages, \u00e0 cadence soutenue.<\/strong><\/p>\n<p>La m\u00e9tropole du royaume s\u2019est enlis\u00e9e au point de la cadenasser de toute part. Et quand Casa a mal, toute la nation en p\u00e2tit. Aussi bien la cit\u00e9 ocre que la ville du d\u00e9troit, la crise s\u2019accro\u00eet pour accabler respectivement le tourisme endolori et le trafic en d\u00e9cadence. La capitale du Souss, jadis quasiment indemne, croule \u00e0 grand r\u00e9gime sous l\u2019assaut pand\u00e9mique. Les cas vacillent, sans r\u00e9pit, autour des 2500 par jour et les d\u00e9c\u00e8s s\u2019\u00e9tendent au quotidien \u00e0 la quarantaine.<\/p>\n<p>Un bilan journalier fort pr\u00e9occupant dont la courbe n\u2019est pas du tout pr\u00eate \u00e0 fl\u00e9chir. Face \u00e0 cette flamb\u00e9e, le gouvernement semble se d\u00e9pouiller de ses parades, \u00e0 voir ses d\u00e9cisions confuses et ses r\u00e9pliques biais\u00e9es, manquant de la fermet\u00e9 n\u00e9cessaire. Certes, ce n\u2019est pas le moment de s\u2019en prendre \u00e0 un ex\u00e9cutif en mauvaise posture. On savait d\u00e9j\u00e0 qu\u2019il ne pourrait pas surmonter ni une \u00e9preuve de sant\u00e9 ni celle d\u2019\u00e9conomie qui p\u00e8sent sur le pays.<\/p>\n<p>Quand \u00ab\u00a0on perd une chose, on ne peut en donner\u00a0!\u00a0\u00bb, disait le dicton de chez nous. Il ne faudrait point se leurrer\u00a0! Aujourd\u2019hui, ce sont les potentialit\u00e9s des r\u00e9gions qui pourront d\u00e9blayer leurs lieux de comp\u00e9tence respectifs des orni\u00e8res en mar\u00e9cage. Jusqu\u2019ici, les Autorit\u00e9s locales, s\u00e9curitaires et administratives, ont toutes fait preuve de civisme et d\u2019abn\u00e9gation \u00e0 se mettre \u00e0 la rescousse et au chevet des patients, \u00e0 s\u00e9curiser les citoyens partout et \u00a0\u00e0 se lancer dans la relance des secteurs actifs en parfaite synergie avec les divers\u00a0 \u00a0professionnels.<\/p>\n<p>A la m\u00e9tropole, en r\u00e9elle d\u00e9tresse, il n\u2019y aura que cette communion r\u00e9gionale qui puisse s\u2019activer et r\u00e9duire le taux de contamination vers la d\u00e9livrance. A Tanger, un effort colossal se d\u00e9ploie, \u00e0 \u00a0brides abattues, pour passer de plus de 400 atteints, il y a quelques temps, \u00e0 pas moins de sept cas \u00e0 mi-septembre. A Marrakech on se d\u00e9m\u00e8ne en mutualit\u00e9 autour du Wali de la r\u00e9gion, r\u00e9solu \u00e0 sortir la ville du marasme et surtout \u00e0 redorer le blason du tourisme en d\u00e9cr\u00e9pitude chancelante.<\/p>\n<p>A Agadir, les Autorit\u00e9s mettent les bouch\u00e9es doubles pour \u00e9ponger les s\u00e9quelles d\u2019une saison estivale tonitruante sur ses plages de r\u00eave et r\u00e9sorber les offensives calamiteuses de l\u2019\u00e9pid\u00e9mie enrag\u00e9e. Non loin de la ville, \u00e0 A\u00eft Melloul, leurs homologues r\u00e9alisent un travail de titan pour faire face \u00e0 cette propagation virale. Il faut reconnaitre, en toute sinc\u00e9rit\u00e9 et sans complaisance que, depuis son av\u00e8nement, le gouverneur de cette province d\u2019Inezgane A\u00eft Melloul, en compagnie de toutes les bonnes volont\u00e9s, accomplit un travail retentissant, en se conduisant en responsable loyal \u00e0 l\u2019\u00e9gard du territoire et de la population.<\/p>\n<p>En fait, \u00e0 propos du territoire, on appr\u00e9ciera \u00e0 l\u2019\u0153il nu, la lib\u00e9ration du domaine public qui, autrefois, fut lourdement envahi, causant un d\u00e9sagr\u00e9ment \u00e9touffant, le lancement de nombre de projets structurants de tr\u00e8s grandes qualit\u00e9s et surtout la mise en place de rapports fond\u00e9s sur le Droit et l\u2019Equit\u00e9. En attendant une meilleure gouvernance du Centre qui, esp\u00e9rons-le, sera s\u00e9cr\u00e9t\u00e9e par les prochaines \u00e9lections, ce sont ces Hommes et Femmes dans les r\u00e9gions qui sauveront le pays de la d\u00e9route sanitaire et \u00e9conomique!<\/p>\n<p>Auteur: M&rsquo;hammed rahal<br \/>\n<a href=\"http:\/\/albayane.press.ma\/la-bataille-regionale.html\">Cliquez ici pour lire l&rsquo;article depuis sa source.<\/a><\/p>\n","protected":false},"excerpt":{"rendered":"<p>La lutte contre la Covid-19 se poursuit \u00e0 pied ferme dans nombre de villes du pays. Le virus ne l\u00e2che pas prise et sa virulence exponentielle fait des ravages, \u00e0 cadence soutenue. La m\u00e9tropole du royaume s\u2019est enlis\u00e9e au point de la cadenasser de toute part. Et quand Casa a mal, toute la nation en [&hellip;]<\/p>\n","protected":false},"author":1760,"featured_media":0,"comment_status":"closed","ping_status":"closed","sticky":false,"template":"","format":"standard","meta":{"fifu_image_url":"","fifu_image_alt":"","footnotes":""},"categories":[73,54],"tags":[],"class_list":["post-99343","post","type-post","status-publish","format-standard","hentry","category-actualite","category-maroc"],"_links":{"self":[{"href":"https:\/\/linitiative.ca\/International\/wp-json\/wp\/v2\/posts\/99343","targetHints":{"allow":["GET"]}}],"collection":[{"href":"https:\/\/linitiative.ca\/International\/wp-json\/wp\/v2\/posts"}],"about":[{"href":"https:\/\/linitiative.ca\/International\/wp-json\/wp\/v2\/types\/post"}],"author":[{"embeddable":true,"href":"https:\/\/linitiative.ca\/International\/wp-json\/wp\/v2\/users\/1760"}],"replies":[{"embeddable":true,"href":"https:\/\/linitiative.ca\/International\/wp-json\/wp\/v2\/comments?post=99343"}],"version-history":[{"count":0,"href":"https:\/\/linitiative.ca\/International\/wp-json\/wp\/v2\/posts\/99343\/revisions"}],"wp:attachment":[{"href":"https:\/\/linitiative.ca\/International\/wp-json\/wp\/v2\/media?parent=99343"}],"wp:term":[{"taxonomy":"category","embeddable":true,"href":"https:\/\/linitiative.ca\/International\/wp-json\/wp\/v2\/categories?post=99343"},{"taxonomy":"post_tag","embeddable":true,"href":"https:\/\/linitiative.ca\/International\/wp-json\/wp\/v2\/tags?post=99343"}],"curies":[{"name":"wp","href":"https:\/\/api.w.org\/{rel}","templated":true}]}}