{"id":99344,"date":"2020-09-20T09:58:36","date_gmt":"2020-09-20T13:58:36","guid":{"rendered":"https:\/\/linitiative.ca\/International\/%ef%bb%bfrelance-de-leconomie-le-maroc-fait-face-a-une-forte-recession\/"},"modified":"2020-09-20T09:58:36","modified_gmt":"2020-09-20T13:58:36","slug":"%ef%bb%bfrelance-de-leconomie-le-maroc-fait-face-a-une-forte-recession","status":"publish","type":"post","link":"https:\/\/linitiative.ca\/International\/%ef%bb%bfrelance-de-leconomie-le-maroc-fait-face-a-une-forte-recession\/","title":{"rendered":"\ufeffRelance de l\u2019\u00e9conomie: \u00able Maroc fait face \u00e0 une forte r\u00e9cession\u00bb"},"content":{"rendered":"<p class=\"has-text-color has-vivid-red-color c2\"><strong>Trois questions \u00e0 Mme Veilleux-Laborie, Directrice en charge du Maroc \u00e0 la BERD<\/strong><\/p>\n<p class=\"has-text-color c3\"><strong>La directrice en charge du Maroc \u00e0 la Banque europ\u00e9enne pour la reconstruction et le d\u00e9veloppement (BERD), Marie Alexandra Veilleux-Laborie, a accord\u00e9 un entretien \u00e0 la MAP sur le financement de l\u2019\u00e9conomie et les mesures prises pour assurer une relance durable. En voici la teneur:<\/strong><\/p>\n<p class=\"has-text-color has-vivid-red-color\"><strong>Quelle est votre lecture de l\u2019\u00e9volution de l\u2019\u00e9conomie marocaine?<\/strong><\/p>\n<p>Le Maroc a r\u00e9alis\u00e9 au cours des deux derni\u00e8res d\u00e9cennies des progr\u00e8s sociaux et \u00e9conomiques significatifs avec des investissements publics importants, des r\u00e9formes structurelles et un certain nombre de mesures visant \u00e0 assurer la stabilit\u00e9 macro\u00e9conomique du pays.<\/p>\n<p>Toutefois, l\u2019\u00e9conomie marocaine est affect\u00e9e actuellement par trois facteurs principaux, \u00e0 savoir l\u2019effondrement \u00e9conomique global mais surtout europ\u00e9en, puisque l\u2019Europe reste le principal partenaire du Royaume, la forte s\u00e9cheresse et les mesures de confinement impos\u00e9 par la crise sanitaire li\u00e9e \u00e0 la pand\u00e9mie du nouveau coronavirus (covid-19).<\/p>\n<p>Cette ann\u00e9e, le Maroc fait face \u00e0 une forte r\u00e9cession, la premi\u00e8re depuis 1995, avec une forte contraction du PIB sup\u00e9rieure \u00e0 5%, accompagn\u00e9e d\u2019un accroissement du d\u00e9ficit budg\u00e9taire.<br \/>Je pense qu\u2019\u00e0 moyen terme, la croissance r\u00e9cup\u00e9rera progressivement. Il est cependant difficile de dire quand et \u00e0 quel rythme puisqu\u2019il y a plusieurs inconnus, notamment le vaccin contre le covid-19.<\/p>\n<p>En 2021, le Maroc devrait enregistrer une croissance, mais probablement faible. La production agricole devrait s\u2019am\u00e9liorer avec \u00e9ventuellement des conditions climatiques plus normales et une augmentation peut-\u00eatre plus lente de la production non agricole.<\/p>\n<p class=\"has-text-color has-vivid-red-color\"><strong>SM le Roi Mohammed VI a annonc\u00e9, dans Son discours adress\u00e9 \u00e0 la Nation \u00e0 l\u2019occasion du 21\u00e8me anniversaire de la F\u00eate du Tr\u00f4ne, l\u2019injection d\u2019environ 120 milliards de dirhams (MMDH) dans l\u2019\u00e9conomie nationale. Quelle est votre analyse?<\/strong><\/p>\n<p>Suite \u00e0 cette annonce de SM le Roi, le gouvernement a lanc\u00e9 le pacte de relance \u00e9conomique et de l\u2019emploi. C\u2019est un pacte qui est ambitieux puisqu\u2019il s\u2019agit de mobiliser 11% du PIB pour accompagner le red\u00e9marrage progressive de l\u2019activit\u00e9 dans les diff\u00e9rents secteurs de l\u2019\u00e9conomie et cr\u00e9er les conditions propices pour une relance rigoureuse \u00e0 la sortie de la crise.<\/p>\n<p>Il y a une partie correspondant \u00e0 des lignes de cr\u00e9dit garantis par l\u2019Etat (75 MMDH) et une autre au nouveau fonds d\u2019investissement strat\u00e9gique qui interviendra pour le financement de grands projets d\u2019investissement via les partenariats publics-priv\u00e9s (PPP) et aussi par les investissements en capital dans les entreprises en croissance.<\/p>\n<p>Pour que ces grands projets fonctionnent bien, il est vraiment primordial que les op\u00e9rateurs parviennent \u00e0 d\u00e9finir et concevoir des projets viables. Je pense notamment aux projets PPP et d\u2019ailleurs, nous avons propos\u00e9 aux autorit\u00e9s d\u2019accompagner la pr\u00e9paration et l\u2019ex\u00e9cution de ces projets.<\/p>\n<p>La BERD a en effet une facilit\u00e9 qui permet en amont de pr\u00e9parer et ensuite d\u2019ex\u00e9cuter correctement ces projets pour qu\u2019ils soient viables, finan\u00e7ables, bancables et attractifs pour les investisseurs priv\u00e9s.<\/p>\n<p class=\"has-text-color has-vivid-red-color\"><strong>Justement, quelles sont les actions men\u00e9es par la BERD au Maroc durant cette ann\u00e9e?<\/strong><\/p>\n<p>Nous avons sign\u00e9 depuis le 1er janvier plus 770 millions d\u2019euros. Pour la BERD au Maroc, 2020 est une ann\u00e9e record.<\/p>\n<p>Notre banque a, de mani\u00e8re g\u00e9n\u00e9rale, \u00e9t\u00e9 l\u2019une des institutions financi\u00e8res de d\u00e9veloppement les plus rapides \u00e0 d\u00e9finir sa r\u00e9ponse face \u00e0 la pand\u00e9mie pour soutenir ses pays d\u2019op\u00e9rations. Nous avons, tr\u00e8s rapidement d\u00e8s fin mars, d\u00e9fini un programme de solidarit\u00e9 visant \u00e0 mobiliser pr\u00e8s de 21 milliards d\u2019euros sur 2020 et 2021 dans nos 38 pays.<\/p>\n<p>Au Maroc, nous avons soutenu la liquidit\u00e9 bancaire et la liquidit\u00e9 \u00e0 l\u2019\u00e9conomie via nos partenaires bancaires. C\u2019est plus de 235 M\u20ac de ligne de cr\u00e9dits \u00e0 court terme et de soutien \u00e9changes internationaux que nous avons sign\u00e9s pour le moment.<\/p>\n<p>La deuxi\u00e8me mesure que nous avons prise est le soutien aux infrastructures. Il s\u2019agit de 300 M\u20ac de lignes de cr\u00e9dit moyen terme destin\u00e9s \u00e0 l\u2019Office National des A\u00e9roports (ONDA), la Soci\u00e9t\u00e9 Nationale des Autoroutes du Maroc (ADM) et l\u2019Office National de l\u2019Electricit\u00e9 et de l\u2019Eau Potable (ONEE).<\/p>\n<p>Ces lignes de cr\u00e9dit sont accompagn\u00e9s d\u2019un programme de r\u00e9formes des entreprises publiques et de leur gouvernance.<\/p>\n<p>Nous avons \u00e9galement financ\u00e9 le minist\u00e8re de l\u2019Agricutlure dans le cadre de la strat\u00e9gie \u00ab\u00a0Generation Green\u00a0\u00bb pour un pr\u00eat de 150 M\u20ac.<\/p>\n<p>Et enfin, la 3\u00e8me mesure est le financement et l\u2019accompagnement des petites et moyennes entreprises (PME) avec 85 M\u20ac de financement soit via les partenaires bancaires ou bien directement aux entreprises.<\/p>\n<p>Mais la BERD ne finance pas que des projets, elle accompagne aussi techniquement les petites et moyennes entreprises (PME). Depuis le d\u00e9but de la pand\u00e9mie, nous avons accompagn\u00e9 et form\u00e9 plus de 700 PME virtuellement pour faire face \u00e0 la pand\u00e9mie sur diff\u00e9rentes th\u00e9matiques.<\/p>\n<p>Par ailleurs, je souligne que le nouveau mod\u00e8le de d\u00e9veloppement \u00e9conomique doit promouvoir une croissance inclusive, solidaire, durable et verte, comme l\u2019a montr\u00e9 le confinement partout dans le monde.<\/p>\n<p>En tant qu\u2019institution financi\u00e8re de d\u00e9veloppement, nous avons comme objectif, \u00e0 partir de l\u2019ann\u00e9e prochaine, d\u2019avoir 50% de nos projets financ\u00e9s verts.<\/p>\n<p>Nous serons ravis d\u2019accompagner les op\u00e9rateurs priv\u00e9s et publics marocains dans ce cadre l\u00e0, que ce soit par l\u2019\u00e9mission de green bonds, l\u2019investissement dans des capacit\u00e9s industrielles peu \u00e9nergivores, des lignes de cr\u00e9dit d\u00e9di\u00e9es \u00e0 l\u2019\u00e9conomie verte, etc.<\/p>\n<p>Auteur: M&rsquo;hammed rahal<br \/>\n<a href=\"http:\/\/albayane.press.ma\/%EF%BB%BFrelance-de-leconomie-le-maroc-fait-face-a-une-forte-recession.html\">Cliquez ici pour lire l&rsquo;article depuis sa source.<\/a><\/p>\n","protected":false},"excerpt":{"rendered":"<p>Trois questions \u00e0 Mme Veilleux-Laborie, Directrice en charge du Maroc \u00e0 la BERD La directrice en charge du Maroc \u00e0 la Banque europ\u00e9enne pour la reconstruction et le d\u00e9veloppement (BERD), Marie Alexandra Veilleux-Laborie, a accord\u00e9 un entretien \u00e0 la MAP sur le financement de l\u2019\u00e9conomie et les mesures prises pour assurer une relance durable. En [&hellip;]<\/p>\n","protected":false},"author":1760,"featured_media":0,"comment_status":"closed","ping_status":"closed","sticky":false,"template":"","format":"standard","meta":{"fifu_image_url":"","fifu_image_alt":"","footnotes":""},"categories":[73,54],"tags":[],"class_list":["post-99344","post","type-post","status-publish","format-standard","hentry","category-actualite","category-maroc"],"_links":{"self":[{"href":"https:\/\/linitiative.ca\/International\/wp-json\/wp\/v2\/posts\/99344","targetHints":{"allow":["GET"]}}],"collection":[{"href":"https:\/\/linitiative.ca\/International\/wp-json\/wp\/v2\/posts"}],"about":[{"href":"https:\/\/linitiative.ca\/International\/wp-json\/wp\/v2\/types\/post"}],"author":[{"embeddable":true,"href":"https:\/\/linitiative.ca\/International\/wp-json\/wp\/v2\/users\/1760"}],"replies":[{"embeddable":true,"href":"https:\/\/linitiative.ca\/International\/wp-json\/wp\/v2\/comments?post=99344"}],"version-history":[{"count":0,"href":"https:\/\/linitiative.ca\/International\/wp-json\/wp\/v2\/posts\/99344\/revisions"}],"wp:attachment":[{"href":"https:\/\/linitiative.ca\/International\/wp-json\/wp\/v2\/media?parent=99344"}],"wp:term":[{"taxonomy":"category","embeddable":true,"href":"https:\/\/linitiative.ca\/International\/wp-json\/wp\/v2\/categories?post=99344"},{"taxonomy":"post_tag","embeddable":true,"href":"https:\/\/linitiative.ca\/International\/wp-json\/wp\/v2\/tags?post=99344"}],"curies":[{"name":"wp","href":"https:\/\/api.w.org\/{rel}","templated":true}]}}