{"id":99346,"date":"2020-09-20T10:15:08","date_gmt":"2020-09-20T14:15:08","guid":{"rendered":"https:\/\/linitiative.ca\/International\/%ef%bb%bflonu-diffuse-un-film-documentaire-appelant-a-une-action-mondiale-collective\/"},"modified":"2020-09-20T10:15:08","modified_gmt":"2020-09-20T14:15:08","slug":"%ef%bb%bflonu-diffuse-un-film-documentaire-appelant-a-une-action-mondiale-collective","status":"publish","type":"post","link":"https:\/\/linitiative.ca\/International\/%ef%bb%bflonu-diffuse-un-film-documentaire-appelant-a-une-action-mondiale-collective\/","title":{"rendered":"\ufeffL\u2019ONU diffuse un film documentaire appelant \u00e0 une action mondiale collective"},"content":{"rendered":"<p class=\"has-text-color has-vivid-red-color c2\">Lutte contre la <strong>Covid-19<\/strong><\/p>\n<p class=\"has-text-color c3\"><strong>L\u2019organisation des Nations-Unies a diffus\u00e9 samedi un nouveau court m\u00e9trage documentaire intitul\u00e9 \u00abNations United \u2013 Urgent Solutions for Urgent Times\u00bb, qui met en lumi\u00e8re les actions n\u00e9cessaires pour construire un monde meilleur, alors que la pand\u00e9mie du COVID-19 menace une d\u00e9cennie de progr\u00e8s \u00e0 travers la plan\u00e8te.<\/strong><\/p>\n<p>Diffus\u00e9e sur la cha\u00eene YouTube des Nations-Unies et sur plusieurs autres cha\u00eenes mondiales, ce film documentaire \u00e9voque ce qui doit \u00eatre fait pour s\u2019attaquer aux plus grandes probl\u00e9matiques auxquelles le monde est confront\u00e9e, de la COVID-19 \u00e0 la pauvret\u00e9, aux in\u00e9galit\u00e9s, \u00e0 la discrimination entre les sexes, le changement climatique, la justice et les droits de l\u2019homme.<\/p>\n<p>R\u00e9alis\u00e9 en collaboration avec l\u2019organisation \u00ab\u00a0Project Everyone\u00a0\u00bb et la soci\u00e9t\u00e9 de production \u00ab\u00a072 Films\u00a0\u00bb, \u00abNations United \u2013 Urgent Solutions for Urgent Times\u00bb (Nations Unies : solutions urgentes pour les temps d\u2019urgence), le film marque aussi le 75\u00e8 anniversaire de la cr\u00e9ation de l\u2019ONU, et le 5\u00e8 anniversaire du lancement des Objectifs de d\u00e9veloppement durable (ODD).<\/p>\n<p>Alors que le monde est confront\u00e9 \u00e0 la crise du Covid-19, cette production documentaire emm\u00e8ne le public dans une exploration dynamique de l\u2019\u00e9poque dans laquelle nous vivons, des multiples points de basculement auxquels notre plan\u00e8te est confront\u00e9e et des interventions qui pourraient transformer notre monde au cours des dix prochaines ann\u00e9es, explique l\u2019ONU.<\/p>\n<p>Le film est produit par le sc\u00e9nariste, r\u00e9alisateur et d\u00e9fenseur des objectifs de d\u00e9veloppement durable, Richard Curtis, et met en sc\u00e8ne des militants de premier plan tels que la d\u00e9fenseure de l\u2019\u00e9ducation et messager de la paix des Nations-Unies, Malala Yousafzai, les ambassadeurs de bonne volont\u00e9 de l\u2019ONU, Don Cheadle (PNUE), et Michelle Yeoh (PNUD), ou encore le d\u00e9fenseur des objectifs de d\u00e9veloppement durable et envoy\u00e9 sp\u00e9cial de l\u2019UNESCO pour la paix, Forest Whitaker, et l\u2019acteur et activiste des droits des femmes, Thandie Newton OBE.<\/p>\n<p>Une performance exclusive de la chanteuse nomin\u00e9e aux Grammy Awards, Burna Boy, et une nouvelle version d\u2019une pr\u00e9c\u00e9dente performance \u00e0 l\u2019ONU de Beyonc\u00e9, laur\u00e9ate de plusieurs Grammy Awards, sont \u00e9galement au menu.<\/p>\n<p>Auteur: M&rsquo;hammed rahal<br \/>\n<a href=\"http:\/\/albayane.press.ma\/%EF%BB%BFlonu-diffuse-un-film-documentaire-appelant-a-une-action-mondiale-collective.html\">Cliquez ici pour lire l&rsquo;article depuis sa source.<\/a><\/p>\n","protected":false},"excerpt":{"rendered":"<p>Lutte contre la Covid-19 L\u2019organisation des Nations-Unies a diffus\u00e9 samedi un nouveau court m\u00e9trage documentaire intitul\u00e9 \u00abNations United \u2013 Urgent Solutions for Urgent Times\u00bb, qui met en lumi\u00e8re les actions n\u00e9cessaires pour construire un monde meilleur, alors que la pand\u00e9mie du COVID-19 menace une d\u00e9cennie de progr\u00e8s \u00e0 travers la plan\u00e8te. Diffus\u00e9e sur la cha\u00eene [&hellip;]<\/p>\n","protected":false},"author":1760,"featured_media":0,"comment_status":"closed","ping_status":"closed","sticky":false,"template":"","format":"standard","meta":{"fifu_image_url":"","fifu_image_alt":"","footnotes":""},"categories":[73,54],"tags":[],"class_list":["post-99346","post","type-post","status-publish","format-standard","hentry","category-actualite","category-maroc"],"_links":{"self":[{"href":"https:\/\/linitiative.ca\/International\/wp-json\/wp\/v2\/posts\/99346","targetHints":{"allow":["GET"]}}],"collection":[{"href":"https:\/\/linitiative.ca\/International\/wp-json\/wp\/v2\/posts"}],"about":[{"href":"https:\/\/linitiative.ca\/International\/wp-json\/wp\/v2\/types\/post"}],"author":[{"embeddable":true,"href":"https:\/\/linitiative.ca\/International\/wp-json\/wp\/v2\/users\/1760"}],"replies":[{"embeddable":true,"href":"https:\/\/linitiative.ca\/International\/wp-json\/wp\/v2\/comments?post=99346"}],"version-history":[{"count":0,"href":"https:\/\/linitiative.ca\/International\/wp-json\/wp\/v2\/posts\/99346\/revisions"}],"wp:attachment":[{"href":"https:\/\/linitiative.ca\/International\/wp-json\/wp\/v2\/media?parent=99346"}],"wp:term":[{"taxonomy":"category","embeddable":true,"href":"https:\/\/linitiative.ca\/International\/wp-json\/wp\/v2\/categories?post=99346"},{"taxonomy":"post_tag","embeddable":true,"href":"https:\/\/linitiative.ca\/International\/wp-json\/wp\/v2\/tags?post=99346"}],"curies":[{"name":"wp","href":"https:\/\/api.w.org\/{rel}","templated":true}]}}