{"id":99354,"date":"2020-09-20T12:45:40","date_gmt":"2020-09-20T16:45:40","guid":{"rendered":"https:\/\/linitiative.ca\/International\/ministere-de-la-justice-ordre-des-avocats-memorandum-dentente\/"},"modified":"2020-09-20T12:45:40","modified_gmt":"2020-09-20T16:45:40","slug":"ministere-de-la-justice-ordre-des-avocats-memorandum-dentente","status":"publish","type":"post","link":"https:\/\/linitiative.ca\/International\/ministere-de-la-justice-ordre-des-avocats-memorandum-dentente\/","title":{"rendered":"Minist\u00e8re de la Justice-Ordre des avocats: M\u00e9morandum d\u2019entente"},"content":{"rendered":"<p><iframe loading=\"lazy\" width=\"1170\" height=\"658\" src=\"https:\/\/www.youtube.com\/embed\/W1nTC-jLRhQ?feature=oembed\" frameborder=\"0\" allow=\"accelerometer; autoplay; clipboard-write; encrypted-media; gyroscope; picture-in-picture\" allowfullscreen=\"\">[embedded content]<\/iframe><\/p>\n<div class=\"post-header-inner post-header-title\">\n<p><span class=\"time\"><time class=\"post-published updated\" datetime=\"2020-09-20T17:45:40+00:00\"><strong>20 septembre 2020<\/strong><\/time><\/span><\/p>\n<\/div>\n<div class=\"single-post-excerpt post-excerpt-bc\" readability=\"36\">\n<p>Un m\u00e9morandum d\u2019entente a \u00e9t\u00e9 sign\u00e9, vendredi \u00e0 Safi, entre le minist\u00e8re de la Justice et l\u2019Ordre des avocats de Safi avec comme objectif la formation des formateurs dans le domaine de la gestion des plateformes num\u00e9riques des avocats.<\/p>\n<\/div>\n<p>Auteur: Meriem IGASS<br \/>\n<a href=\"http:\/\/www.mapmarrakech.ma\/fr\/ministere-de-la-justice-ordre-des-avocats-memorandum-dentente-2\/\">Cliquez ici pour lire l&rsquo;article depuis sa source.<\/a><\/p>\n","protected":false},"excerpt":{"rendered":"<p>[embedded content] 20 septembre 2020 Un m\u00e9morandum d\u2019entente a \u00e9t\u00e9 sign\u00e9, vendredi \u00e0 Safi, entre le minist\u00e8re de la Justice et l\u2019Ordre des avocats de Safi avec comme objectif la formation des formateurs dans le domaine de la gestion des plateformes num\u00e9riques des avocats. Auteur: Meriem IGASS Cliquez ici pour lire l&rsquo;article depuis sa source.<\/p>\n","protected":false},"author":1788,"featured_media":0,"comment_status":"closed","ping_status":"closed","sticky":false,"template":"","format":"standard","meta":{"fifu_image_url":"","fifu_image_alt":"","footnotes":""},"categories":[54,76],"tags":[],"class_list":["post-99354","post","type-post","status-publish","format-standard","hentry","category-maroc","category-regions"],"_links":{"self":[{"href":"https:\/\/linitiative.ca\/International\/wp-json\/wp\/v2\/posts\/99354","targetHints":{"allow":["GET"]}}],"collection":[{"href":"https:\/\/linitiative.ca\/International\/wp-json\/wp\/v2\/posts"}],"about":[{"href":"https:\/\/linitiative.ca\/International\/wp-json\/wp\/v2\/types\/post"}],"author":[{"embeddable":true,"href":"https:\/\/linitiative.ca\/International\/wp-json\/wp\/v2\/users\/1788"}],"replies":[{"embeddable":true,"href":"https:\/\/linitiative.ca\/International\/wp-json\/wp\/v2\/comments?post=99354"}],"version-history":[{"count":0,"href":"https:\/\/linitiative.ca\/International\/wp-json\/wp\/v2\/posts\/99354\/revisions"}],"wp:attachment":[{"href":"https:\/\/linitiative.ca\/International\/wp-json\/wp\/v2\/media?parent=99354"}],"wp:term":[{"taxonomy":"category","embeddable":true,"href":"https:\/\/linitiative.ca\/International\/wp-json\/wp\/v2\/categories?post=99354"},{"taxonomy":"post_tag","embeddable":true,"href":"https:\/\/linitiative.ca\/International\/wp-json\/wp\/v2\/tags?post=99354"}],"curies":[{"name":"wp","href":"https:\/\/api.w.org\/{rel}","templated":true}]}}