{"id":99355,"date":"2020-09-20T13:17:19","date_gmt":"2020-09-20T17:17:19","guid":{"rendered":"https:\/\/linitiative.ca\/International\/des-structures-hospitalieres-pour-renforcer-loffre-de-sante\/"},"modified":"2020-09-20T13:17:19","modified_gmt":"2020-09-20T17:17:19","slug":"des-structures-hospitalieres-pour-renforcer-loffre-de-sante","status":"publish","type":"post","link":"https:\/\/linitiative.ca\/International\/des-structures-hospitalieres-pour-renforcer-loffre-de-sante\/","title":{"rendered":"Des structures hospitali\u00e8res pour renforcer l\u2019offre de sant\u00e9"},"content":{"rendered":"<div readability=\"34\">\n<p>Marrakech \u2013 Plusieurs structures hospitali\u00e8res sont en cours de r\u00e9alisation dans la cit\u00e9 ocre dans l\u2019objectif de renforcer l\u2019offre sanitaire au niveau de la ville et rapprocher et promouvoir la qualit\u00e9 des prestations m\u00e9dicales offertes aux populations.<\/p>\n<\/div>\n<div readability=\"67\">\n<p>Ainsi dans le cadre du suivi de l\u2019\u00e9tat d\u2019avancement des chantiers et des grands projets li\u00e9s au secteur de la sant\u00e9, le wali de la r\u00e9gion Marrakech-Safi, gouverneur de la pr\u00e9fecture de Marrakech, Karim Kassi-Lahlou, a effectu\u00e9 des visites de terrain \u00e0 plusieurs chantiers au niveau de la ville de Marrakech notamment ,ceux se rapportant au secteur de la sant\u00e9.<\/p>\n<p>Dans ce sens, M. Kassi Lahlou s\u2019est rendu \u00e0 l\u2019h\u00f4pital de proximit\u00e9 polydisciplinaire de M\u2019Hamid, dont le taux de r\u00e9alisation a d\u00e9pass\u00e9 les 85%, ainsi que 03 centres urbains de sant\u00e9 dont les travaux de r\u00e9alisation sont quasi-achev\u00e9s. Il s\u2019agit du Centre de sant\u00e9 urbain \u00ab\u00a0Homane El Fetouaki\u00a0\u00bb, du Centre de sant\u00e9 urbain M\u2019Hamid, ainsi que du Centre de Sant\u00e9 \u00ab\u00a0El Koudia\u00a0\u00bb.<\/p>\n<p>Lors de ces visites de terrain, M. Kassi-Lahlou, qui \u00e9tait accompagn\u00e9 notamment du secr\u00e9taire g\u00e9n\u00e9ral de la pr\u00e9fecture de Marrakech, la directrice r\u00e9gionale de la sant\u00e9, le directeur de l\u2019Agence urbaine et l\u2019inspecteur des monuments historiques et des sites arch\u00e9ologiques, s\u2019est enquis \u00e9galement du chantier de restauration de \u00ab\u00a0Bab Agnaou\u00a0\u00bb.<\/p>\n<p>Le wali a, en outre, pris connaissance de l\u2019\u00e9tat d\u2019avancement des travaux de construction du m\u00fbr de cl\u00f4ture de la for\u00eat Al-Chabab, qui est consid\u00e9r\u00e9e comme un espace de d\u00e9tente d\u2019une grande importance dans la cit\u00e9 ocre.<\/p>\n<\/div>\n<p>Auteur: Meriem IGASS<br \/>\n<a href=\"http:\/\/www.mapmarrakech.ma\/fr\/des-structures-hospitalieres-pour-renforcer-loffre-de-sante\/\">Cliquez ici pour lire l&rsquo;article depuis sa source.<\/a><\/p>\n","protected":false},"excerpt":{"rendered":"<p>Marrakech \u2013 Plusieurs structures hospitali\u00e8res sont en cours de r\u00e9alisation dans la cit\u00e9 ocre dans l\u2019objectif de renforcer l\u2019offre sanitaire au niveau de la ville et rapprocher et promouvoir la qualit\u00e9 des prestations m\u00e9dicales offertes aux populations. Ainsi dans le cadre du suivi de l\u2019\u00e9tat d\u2019avancement des chantiers et des grands projets li\u00e9s au secteur [&hellip;]<\/p>\n","protected":false},"author":1788,"featured_media":0,"comment_status":"closed","ping_status":"closed","sticky":false,"template":"","format":"standard","meta":{"fifu_image_url":"","fifu_image_alt":"","footnotes":""},"categories":[54,76],"tags":[],"class_list":["post-99355","post","type-post","status-publish","format-standard","hentry","category-maroc","category-regions"],"_links":{"self":[{"href":"https:\/\/linitiative.ca\/International\/wp-json\/wp\/v2\/posts\/99355","targetHints":{"allow":["GET"]}}],"collection":[{"href":"https:\/\/linitiative.ca\/International\/wp-json\/wp\/v2\/posts"}],"about":[{"href":"https:\/\/linitiative.ca\/International\/wp-json\/wp\/v2\/types\/post"}],"author":[{"embeddable":true,"href":"https:\/\/linitiative.ca\/International\/wp-json\/wp\/v2\/users\/1788"}],"replies":[{"embeddable":true,"href":"https:\/\/linitiative.ca\/International\/wp-json\/wp\/v2\/comments?post=99355"}],"version-history":[{"count":0,"href":"https:\/\/linitiative.ca\/International\/wp-json\/wp\/v2\/posts\/99355\/revisions"}],"wp:attachment":[{"href":"https:\/\/linitiative.ca\/International\/wp-json\/wp\/v2\/media?parent=99355"}],"wp:term":[{"taxonomy":"category","embeddable":true,"href":"https:\/\/linitiative.ca\/International\/wp-json\/wp\/v2\/categories?post=99355"},{"taxonomy":"post_tag","embeddable":true,"href":"https:\/\/linitiative.ca\/International\/wp-json\/wp\/v2\/tags?post=99355"}],"curies":[{"name":"wp","href":"https:\/\/api.w.org\/{rel}","templated":true}]}}