{"id":99363,"date":"2020-09-20T15:13:15","date_gmt":"2020-09-20T19:13:15","guid":{"rendered":"https:\/\/linitiative.ca\/International\/international-apres-son-double-contre-angers-delort-noublie-pas-juninho\/"},"modified":"2020-09-20T15:13:15","modified_gmt":"2020-09-20T19:13:15","slug":"international-apres-son-double-contre-angers-delort-noublie-pas-juninho","status":"publish","type":"post","link":"https:\/\/linitiative.ca\/International\/international-apres-son-double-contre-angers-delort-noublie-pas-juninho\/","title":{"rendered":"International : Apr\u00e8s son doubl\u00e9 contre Angers: Delort n&rsquo;oublie pas Juninho !"},"content":{"rendered":"<div readability=\"32\">\n<p>Auteur : <span class=\"time\">dimanche 20 septembre 2020 16:10<\/span><\/p>\n<\/div>\n<div id=\"post_core\" readability=\"40\">\n<p><strong>Delort\u00a0:\u00a0\u00abContent de mon doubl\u00e9 et tr\u00e8s honor\u00e9 de porter\u00a0 le brassard\u00a0\u00bb<\/strong><\/p>\n<p>En fin de rencontre l\u2019attaquant des Verts Andy\u00a0 Delort ne cachait pas sa satisfaction d\u2019avoir marqu\u00e9 ses deux premiers buts Ligue 1 cette saison. Delort a aussi adress\u00e9 un message \u00e0 ses supporteurs \u00e0 l\u2019accession de cette belle victoire acquise contre le SCO d&rsquo;Angers et profite aussi pour lancer une fl\u00e8che au Directeur sportif de l&rsquo;OL\u00a0\u00a0Juninho \u00ab\u00a0Tr\u00e8s fier et honor\u00e9 de porter le brassard Tr\u00e8s fier de l\u2019\u00e9quipe et en esp\u00e9rant vous rendre fiers. Sympathique doubl\u00e9 On a fait le plein \u00e0 la maison et sans balancer en plus, non\u00a0!\u00a0\u00bb A\u00a0 notamment publi\u00e9 Delort sur son compte Twiter officiel.<\/p>\n<p><strong>Moumen A.<\/strong><\/p>\n<p><strong>Publi\u00e9 dans :<\/strong> <span>Andy Delort<\/span><\/p>\n<\/div>\n<p>Auteur:<br \/>\n<a href=\"http:\/\/www.lebuteur.com\/article\/detail?titre=apres-son-double-contre-angers-delort-noublie-pas-juninho&#038;id=97319&#038;utm_source=feedburner&#038;utm_medium=feed&#038;utm_campaign=Feed%3A+GalerieFArtciles+%28Les+derniers+articles++-+lebuteur.com%29\">Cliquez ici pour lire l&rsquo;article depuis sa source.<\/a><\/p>\n","protected":false},"excerpt":{"rendered":"<p>Auteur : dimanche 20 septembre 2020 16:10 Delort\u00a0:\u00a0\u00abContent de mon doubl\u00e9 et tr\u00e8s honor\u00e9 de porter\u00a0 le brassard\u00a0\u00bb En fin de rencontre l\u2019attaquant des Verts Andy\u00a0 Delort ne cachait pas sa satisfaction d\u2019avoir marqu\u00e9 ses deux premiers buts Ligue 1 cette saison. Delort a aussi adress\u00e9 un message \u00e0 ses supporteurs \u00e0 l\u2019accession de cette [&hellip;]<\/p>\n","protected":false},"author":1738,"featured_media":99364,"comment_status":"closed","ping_status":"closed","sticky":false,"template":"","format":"standard","meta":{"fifu_image_url":"","fifu_image_alt":"","footnotes":""},"categories":[53,75],"tags":[],"class_list":["post-99363","post","type-post","status-publish","format-standard","has-post-thumbnail","hentry","category-algerie","category-sport"],"_links":{"self":[{"href":"https:\/\/linitiative.ca\/International\/wp-json\/wp\/v2\/posts\/99363","targetHints":{"allow":["GET"]}}],"collection":[{"href":"https:\/\/linitiative.ca\/International\/wp-json\/wp\/v2\/posts"}],"about":[{"href":"https:\/\/linitiative.ca\/International\/wp-json\/wp\/v2\/types\/post"}],"author":[{"embeddable":true,"href":"https:\/\/linitiative.ca\/International\/wp-json\/wp\/v2\/users\/1738"}],"replies":[{"embeddable":true,"href":"https:\/\/linitiative.ca\/International\/wp-json\/wp\/v2\/comments?post=99363"}],"version-history":[{"count":0,"href":"https:\/\/linitiative.ca\/International\/wp-json\/wp\/v2\/posts\/99363\/revisions"}],"wp:featuredmedia":[{"embeddable":true,"href":"https:\/\/linitiative.ca\/International\/wp-json\/"}],"wp:attachment":[{"href":"https:\/\/linitiative.ca\/International\/wp-json\/wp\/v2\/media?parent=99363"}],"wp:term":[{"taxonomy":"category","embeddable":true,"href":"https:\/\/linitiative.ca\/International\/wp-json\/wp\/v2\/categories?post=99363"},{"taxonomy":"post_tag","embeddable":true,"href":"https:\/\/linitiative.ca\/International\/wp-json\/wp\/v2\/tags?post=99363"}],"curies":[{"name":"wp","href":"https:\/\/api.w.org\/{rel}","templated":true}]}}