{"id":99377,"date":"2020-09-20T06:20:28","date_gmt":"2020-09-20T10:20:28","guid":{"rendered":"https:\/\/linitiative.ca\/International\/109917-ligue-1-reprise-des-entrainements-les-clubs-voient-enfin-le-bout-du-tunnel\/"},"modified":"2020-09-20T06:20:28","modified_gmt":"2020-09-20T10:20:28","slug":"109917-ligue-1-reprise-des-entrainements-les-clubs-voient-enfin-le-bout-du-tunnel","status":"publish","type":"post","link":"https:\/\/linitiative.ca\/International\/109917-ligue-1-reprise-des-entrainements-les-clubs-voient-enfin-le-bout-du-tunnel\/","title":{"rendered":"Ligue 1-reprise des entra\u00eenements: enfin le bout du tunnel"},"content":{"rendered":"<div readability=\"39\">\n<p><strong>ALGER &#8211; Les clubs de la Ligue 1 professionnelle de football, \u00e0 l&rsquo;arr\u00eat depuis le 16 mars dernier en raison de la pand\u00e9mie de coronavirus (Covid-19), vont pouvoir reprendre les entra\u00eenements \u00e0 partir de dimanche, en vue de la nouvelle saison 2020-2021, dont le coup d&rsquo;envoi sera donn\u00e9 le 20 novembre prochain.<\/strong><\/p>\n<\/div>\n<div readability=\"100.3452685422\">\n<p>Selon le communiqu\u00e9 publi\u00e9 par le minist\u00e8re de la Jeunesse et des Sports (MJS) le 10 septembre, les clubs sont autoris\u00e9s officiellement d\u00e8s ce dimanche \u00e0 renouer avec le travail, apr\u00e8s une si longue attente, marqu\u00e9e par la suspension d\u00e9finitive de la saison 2019-2020.<\/p>\n<blockquote readability=\"9\">\n<p><em><strong>La d\u00e9cision a \u00e9t\u00e9 prise conform\u00e9ment aux instructions du Premier ministre qui a charg\u00e9 le MJS d&rsquo;examiner avec les diff\u00e9rentes f\u00e9d\u00e9rations sportives nationales, la possibilit\u00e9 d&rsquo;une reprise graduelle et progressive des activit\u00e9s sportives \u00e0 huis clos et apr\u00e8s adoption des protocoles sanitaires y aff\u00e9rents par le Comit\u00e9 scientifique de suivi de l&rsquo;\u00e9volution de la pand\u00e9mie de coronavirus et le Centre national de m\u00e9decine du sport (CNMS).<\/strong><\/em><\/p>\n<\/blockquote>\n<hr\/>\n<h3>Lire aussi:\u00a0<a href=\"http:\/\/www.aps.dz\/sport\/109040-ligue-1-professionnelle-2020-2021-la-majorite-des-clubs-pour-un-championnat-a-38-journees\" target=\"_blank\" rel=\"noopener noreferrer\">Ligue 1 professionnelle 2020-2021: la majorit\u00e9 des clubs pour un championnat \u00e0 38 journ\u00e9es<\/a><\/h3>\n<hr\/>\n<p>Apr\u00e8s une longue p\u00e9riode d&rsquo;hibernation, les joueurs de l&rsquo;\u00e9lite vont pouvoir rechausser leurs crampons pour reprendre le travail, m\u00eame si le retour \u00e0 l&rsquo;activit\u00e9 s&rsquo;annonce d&rsquo;ores et d\u00e9j\u00e0 difficile, estiment les observateurs.<\/p>\n<p>Contrairement aux saisons pr\u00e9c\u00e9dentes, le protocole sanitaire \u00e9tabli pour faire face \u00e0 la pand\u00e9mie de Covid-19, a impos\u00e9 aux clubs d&rsquo;effectuer d&rsquo;abord des tests de d\u00e9pistage qui leur co\u00fbteront les yeux de la t\u00eate, avant m\u00eame d&rsquo;entamer leur pr\u00e9paration effective.<\/p>\n<p class=\"c30\"><strong>La JSK a ouvert le bal<\/strong><\/p>\n<p>Avant m\u00eame le feu vert des autorit\u00e9s, la <em><strong><a href=\"http:\/\/www.aps.dz\/sport\/109210-foot-ligue-1-algerienne-la-jsk-premier-club-a-reprendre-les-entrainements\" target=\"_blank\" rel=\"noopener noreferrer\">JS Kabylie<\/a><\/strong><\/em>, en l&rsquo;absence de l&rsquo;entra\u00eeneur tunisien Yamen Zelfani, \u00e9tait le premier club \u00e0 reprendre les entra\u00eenements le 1er septembre, en effectuant un premier stage \u00e0 Akbou (B\u00e9ja\u00efa), suivi d&rsquo;un deuxi\u00e8me regroupement entam\u00e9 vendredi \u00e0 Mostaganem.<\/p>\n<p>De son c\u00f4t\u00e9, le CR Belouizdad, champion d&rsquo;Alg\u00e9rie en titre, a repris les entra\u00eenements lundi dernier, sous la houlette du coach fran\u00e7ais Franck Dumas. Les joueurs se sont retrouv\u00e9s \u00e0 la for\u00eat de Bouchaoui, dans le cadre de la premi\u00e8re phase de pr\u00e9paration.<\/p>\n<blockquote readability=\"11\">\n<p><em><strong>Le MC Alger, vice-champion d&rsquo;Alg\u00e9rie, a \u00e9galement voulu anticiper les choses en soumettant ses joueurs mercredi et jeudi derniers \u00e0 des tests de d\u00e9pistage en vue de la reprise des entra\u00eenements pr\u00e9vue cette semaine sous la conduite de l&rsquo;entra\u00eeneur Nabil Neghiz, avec au programme un stage \u00e0 Mostaganem.<\/strong><\/em><\/p>\n<\/blockquote>\n<hr\/>\n<h3>Lire aussi: <a href=\"http:\/\/www.aps.dz\/sport\/109737-ligue-1-le-cr-belouizdad-reprend-les-entrainements\" target=\"_blank\" rel=\"noopener noreferrer\">Ligue 1 : le CR Belouizdad reprend les entra\u00eenements<\/a><\/h3>\n<hr\/>\n<p>Quant aux joueurs du CS Constantine, ils ont \u00e9t\u00e9 soumis \u00e0 des tests de d\u00e9pistage vendredi, alors que la JS Saoura a annonc\u00e9 samedi, sur sa page officielle Facebook, entamer dimanche\u00a0 sa pr\u00e9paration en effectuant la premi\u00e8re s\u00e9ance d\u2019entra\u00eenement au stade 20-Ao\u00fbt de B\u00e9char. Elle est programm\u00e9e en d\u00e9but de soir\u00e9e et \u00e0 huis clos, pr\u00e9c\u00e9d\u00e9e dans la matin\u00e9e par des examens m\u00e9dicaux auxquels seront convi\u00e9s les joueurs, notamment ceux du Covid-19 au niveau d\u2019une clinique priv\u00e9e.<\/p>\n<p>Les autres clubs de la Ligue 1 professionnelle, compos\u00e9e d\u00e9sormais de 20 clubs suite au l\u00e9ger remaniement apport\u00e9 au syst\u00e8me de comp\u00e9tition pyramidal, vont retourner \u00e0 tour de r\u00f4le au travail pour se pr\u00e9parer, et ce de fa\u00e7on int\u00e9grale au pays, suite \u00e0 la fermeture des fronti\u00e8res en raison de la pand\u00e9mie de Covid-19.<\/p>\n<p>Pour rappel, les membres de l\u2019assembl\u00e9e g\u00e9n\u00e9rale de la F\u00e9d\u00e9ration alg\u00e9rienne (FAF) ont adopt\u00e9 le choix qui pr\u00e9voyait de d\u00e9signer les laur\u00e9ats et les promus, tout en annulant la rel\u00e9gation, au terme de la consultation \u00e9crite initi\u00e9e par l&rsquo;instance f\u00e9d\u00e9rale pour donner suite \u00e0 l&rsquo;exercice 2019-2020, d\u00e9finitivement suspendu en raison du coronavirus.<\/p>\n<\/div>\n<p>Auteur:<br \/>\n<a href=\"http:\/\/www.aps.dz\/sport\/109917-ligue-1-reprise-des-entrainements-les-clubs-voient-enfin-le-bout-du-tunnel?utm_source=feedburner&#038;utm_medium=feed&#038;utm_campaign=Feed%3A+aps-sport+%28APS+-+SPORT%29\">Cliquez ici pour lire l&rsquo;article depuis sa source.<\/a><\/p>\n","protected":false},"excerpt":{"rendered":"<p>ALGER &#8211; Les clubs de la Ligue 1 professionnelle de football, \u00e0 l&rsquo;arr\u00eat depuis le 16 mars dernier en raison de la pand\u00e9mie de coronavirus (Covid-19), vont pouvoir reprendre les entra\u00eenements \u00e0 partir de dimanche, en vue de la nouvelle saison 2020-2021, dont le coup d&rsquo;envoi sera donn\u00e9 le 20 novembre prochain. Selon le communiqu\u00e9 [&hellip;]<\/p>\n","protected":false},"author":1790,"featured_media":0,"comment_status":"closed","ping_status":"closed","sticky":false,"template":"","format":"standard","meta":{"fifu_image_url":"","fifu_image_alt":"","footnotes":""},"categories":[53,75],"tags":[],"class_list":["post-99377","post","type-post","status-publish","format-standard","hentry","category-algerie","category-sport"],"_links":{"self":[{"href":"https:\/\/linitiative.ca\/International\/wp-json\/wp\/v2\/posts\/99377","targetHints":{"allow":["GET"]}}],"collection":[{"href":"https:\/\/linitiative.ca\/International\/wp-json\/wp\/v2\/posts"}],"about":[{"href":"https:\/\/linitiative.ca\/International\/wp-json\/wp\/v2\/types\/post"}],"author":[{"embeddable":true,"href":"https:\/\/linitiative.ca\/International\/wp-json\/wp\/v2\/users\/1790"}],"replies":[{"embeddable":true,"href":"https:\/\/linitiative.ca\/International\/wp-json\/wp\/v2\/comments?post=99377"}],"version-history":[{"count":0,"href":"https:\/\/linitiative.ca\/International\/wp-json\/wp\/v2\/posts\/99377\/revisions"}],"wp:attachment":[{"href":"https:\/\/linitiative.ca\/International\/wp-json\/wp\/v2\/media?parent=99377"}],"wp:term":[{"taxonomy":"category","embeddable":true,"href":"https:\/\/linitiative.ca\/International\/wp-json\/wp\/v2\/categories?post=99377"},{"taxonomy":"post_tag","embeddable":true,"href":"https:\/\/linitiative.ca\/International\/wp-json\/wp\/v2\/tags?post=99377"}],"curies":[{"name":"wp","href":"https:\/\/api.w.org\/{rel}","templated":true}]}}