{"id":99402,"date":"2020-09-20T16:23:57","date_gmt":"2020-09-20T20:23:57","guid":{"rendered":"https:\/\/linitiative.ca\/International\/tunisie-covid-encore-une-fois-le-cabinet-de-kais-saied-linduit-en-erreur\/"},"modified":"2020-09-20T16:23:57","modified_gmt":"2020-09-20T20:23:57","slug":"tunisie-covid-encore-une-fois-le-cabinet-de-kais-saied-linduit-en-erreur","status":"publish","type":"post","link":"https:\/\/linitiative.ca\/International\/tunisie-covid-encore-une-fois-le-cabinet-de-kais-saied-linduit-en-erreur\/","title":{"rendered":"Tunisie \u2013 Covid\u00a0: Encore une fois le cabinet de Ka\u00efs Sa\u00efed l\u2019induit en erreur"},"content":{"rendered":"<div class=\"post-cont-in left relative\">\n<div id=\"post-info-wrap\" class=\"left relative post-info-out\">\n<div class=\"post-info-img left relative\"><img loading=\"lazy\" decoding=\"async\" alt=\"\" src=\"https:\/\/secure.gravatar.com\/avatar\/96253f4a657b482a18e837c1252096c2?s=50&amp;d=mm&amp;r=g\" srcset=\"https:\/\/secure.gravatar.com\/avatar\/96253f4a657b482a18e837c1252096c2?s=100&amp;d=mm&amp;r=g 2x\" class=\"avatar avatar-50 photo\" height=\"50\" width=\"50\"\/><\/div>\n<div class=\"post-info-in\">\n<div class=\"post-info-right left relative post-info-name left relative\"><span itemprop=\"author\" itemscope=\"\" itemtype=\"https:\/\/schema.org\/Person\"><span class=\"post-info-text\">Par<\/span> <span class=\"author-name vcard fn author\" itemprop=\"name\"><a href=\"https:\/\/www.tunisienumerique.com\/author\/saber\/\" title=\"Articles par Saber .\" rel=\"author\">Saber .<\/a><\/span><\/span> <span class=\"post-date updated\"><time class=\"post-date updated\" itemprop=\"datePublished\" datetime=\"2020-09-20\">\u00a0| Il y a 1 heure<\/time><\/span><\/div>\n<div class=\"left relative\"><button id=\"listenButton1\" class=\"responsivevoice-button\" type=\"button\" value=\"Play\" title=\"&#xC9;coutez l'article\"><span>\ud83d\udd0a \u00c9coutez l&rsquo;article<\/span><\/button> <\/div>\n<\/div>\n<\/div>\n<p>Sachant la situation \u00e9pid\u00e9miologique de plus en plus critique et conscient de l\u2019affolement g\u00e9n\u00e9ral des tunisiens par rapport \u00e0 cette maladie, le pr\u00e9sident de la R\u00e9publique, Ka\u00efs Sa\u00efed ressentait l\u2019obligation d\u2019intervenir d\u2019une fa\u00e7on ou d\u2019une autre, pour rectifier le tir de la gestion erron\u00e9e de la crise et pour entreprendre une action dans le but d\u2019apaiser un tant soit peu les craintes des citoyens.<\/p>\n<div class=\"code-block code-block-1 c4\"><ins class=\"adsbygoogle c3\" data-ad-layout=\"in-article\" data-ad-format=\"fluid\" data-ad-client=\"ca-pub-2102118777505746\" data-ad-slot=\"7301775417\"\/> <\/div>\n<p>Sauf que, limit\u00e9 par ses pr\u00e9rogatives et tr\u00e8s mal brief\u00e9 par son cabinet, le pr\u00e9sident a, encore une fois, rat\u00e9 une occasion en or de se distinguer sur une sc\u00e8ne de m\u00e9diocrit\u00e9 g\u00e9n\u00e9rale.<\/p>\n<p>En effet, le cabinet du pr\u00e9sident ne voyant pour seule possibilit\u00e9 d\u2019action que le recours \u00e0 l\u2019arm\u00e9e, qui demeure de son ressort, lui a conseill\u00e9 de d\u00e9clarer qu\u2019il a ordonn\u00e9 l\u2019installation d\u2019un laboratoire d\u2019analyses biologiques mobile militaire pour effectuer les tests virologiques de d\u00e9pistage de la Covid \u00e0 Sidi Bouzid.<\/p>\n<p>C\u2019est, justement, l\u00e0, que son cabinet lui a fait commettre une erreur monumentale. Une double erreur, m\u00eame.<\/p>\n<p>Premi\u00e8rement, le probl\u00e8me des tests de d\u00e9pistage de la Covid ne r\u00e9side pas dans le manque des laboratoires d\u2019analyses, mais plut\u00f4t dans le manque de kits de pr\u00e9l\u00e8vement.\u00a0 Kits que le minist\u00e8re de la sant\u00e9 n\u2019a pas jug\u00e9 utile d\u2019importer en quantit\u00e9 suffisante, au d\u00e9but de la crise, contrairement \u00e0 ce qui \u00e9tait recommand\u00e9. Il faut croire que le minist\u00e8re n\u2019avait aucune vision claire de l\u2019\u00e9volution de l\u2019\u00e9pid\u00e9mie et, par cons\u00e9quent, aucune strat\u00e9gie d\u2019anticipation valable.<\/p>\n<p>Deuxi\u00e8mement, on l\u2019a induit dans une grossi\u00e8re erreur, en lui sugg\u00e9rant de faire installer ce laboratoire \u00e0 Sidi Bouzid. Choix purement populiste, pour la symbolique de la r\u00e9gion, r\u00e9put\u00e9e \u00eatre le \u00ab berceau de la r\u00e9volution \u00bb. Or, ce faisant, Ka\u00efs Sa\u00efed s\u2019est, obligatoirement, mis sur le dos les tunisiens des autres r\u00e9gions qui se consid\u00e8rent autant, si ce n\u2019est plus, atteints par la maladie et se sentent abandonn\u00e9s par celui qui se devait de rester le pr\u00e9sident de tous les tunisiens.<\/p>\n<p>Un choix et des erreurs que le cabinet pouvait, tr\u00e8s facilement, \u00e9viter en sugg\u00e9rant au pr\u00e9sident des actions plus concr\u00e8tes et plus efficaces, et qui demeurent, plus que jamais de ses pr\u00e9rogatives, puisque la sant\u00e9 publique, en ces circonstances de pand\u00e9mie, rel\u00e8ve de la s\u00fbret\u00e9 nationale. On aurait pu sugg\u00e9rer \u00e0 Ka\u00efs Sa\u00efed, par exemple, de convoquer le conseil de la s\u00fbret\u00e9 nationale ainsi que les acteurs dans le domaine de la sant\u00e9 publique, pour discuter de la situation, et aboutir \u00e0 de nouvelles propositions et une nouvelle strat\u00e9gie. Il aurait pu, par la m\u00eame occasion, faire une action qui aurait \u00e9t\u00e9 salu\u00e9e par tous les tunisiens, celle de demander des comptes aux responsables de ce d\u00e9sastre et de les sanctionner en cons\u00e9quence.<\/p>\n<div class=\"swp_social_panel swp_horizontal_panel swp_flat_fresh swp_default_full_color swp_individual_full_color swp_other_full_color scale-100 scale-\" data-min-width=\"1100\" data-float-color=\"#ffffff\" data-float=\"bottom\" data-float-mobile=\"bottom\" data-transition=\"slide\">\n<div class=\"nc_tweetContainer swp_share_button total_shares total_sharesalt\"><span class=\"swp_count\">19 <span class=\"swp_label\">Partages<\/span><\/span><\/div>\n<\/div>\n<p><strong>Que se passe-t-il en Tunisie?<\/strong><br \/>Nous expliquons sur notre <a href=\"https:\/\/www.youtube.com\/channel\/UCRzypVq0B_yBad5eGrwBx0Q?sub_confirmation=1\" target=\"_blank\" rel=\"noopener noreferrer\">cha\u00eene YouTube<\/a> . <a href=\"https:\/\/www.youtube.com\/channel\/UCRzypVq0B_yBad5eGrwBx0Q?sub_confirmation=1\" target=\"_blank\" rel=\"noopener noreferrer\">Abonnez-vous!<\/a><\/p>\n<div class=\"mvp-org-wrap mvp-org-logo\" itemprop=\"publisher\" itemscope=\"\" itemtype=\"https:\/\/schema.org\/Organization\"><img decoding=\"async\" src=\"https:\/\/www.tunisienumerique.com\/wp-content\/uploads\/2017\/02\/logo_tunisie_numerique.png\"\/><\/div>\n<div class=\"mvp-related-posts left relative\">\n<h4 class=\"post-header\"><span class=\"post-header\">Lire aussi<\/span><\/h4>\n<\/div>\n<div id=\"article-ad\"><ins class=\"adsbygoogle c5\" data-ad-client=\"ca-pub-2102118777505746\" data-ad-slot=\"6513972734\" data-ad-format=\"auto\" data-full-width-responsive=\"true\"\/> <\/div>\n<\/div>\n<div id=\"post-sidebar-wrap\"><ins class=\"adsbygoogle c5\" data-ad-client=\"ca-pub-2102118777505746\" data-ad-slot=\"6168283410\" data-ad-format=\"auto\" data-full-width-responsive=\"true\"\/> <\/div>\n<p>Auteur: Saber .<br \/>\n<a href=\"https:\/\/www.tunisienumerique.com\/tunisie-covid-encore-une-fois-le-cabinet-de-kais-saied-linduit-en-erreur\/\">Cliquez ici pour lire l&rsquo;article depuis sa source.<\/a><\/p>\n","protected":false},"excerpt":{"rendered":"<p>Par Saber . \u00a0| Il y a 1 heure \ud83d\udd0a \u00c9coutez l&rsquo;article Sachant la situation \u00e9pid\u00e9miologique de plus en plus critique et conscient de l\u2019affolement g\u00e9n\u00e9ral des tunisiens par rapport \u00e0 cette maladie, le pr\u00e9sident de la R\u00e9publique, Ka\u00efs Sa\u00efed ressentait l\u2019obligation d\u2019intervenir d\u2019une fa\u00e7on ou d\u2019une autre, pour rectifier le tir de la gestion [&hellip;]<\/p>\n","protected":false},"author":1789,"featured_media":0,"comment_status":"closed","ping_status":"closed","sticky":false,"template":"","format":"standard","meta":{"fifu_image_url":"","fifu_image_alt":"","footnotes":""},"categories":[73,55],"tags":[],"class_list":["post-99402","post","type-post","status-publish","format-standard","hentry","category-actualite","category-tunisie"],"_links":{"self":[{"href":"https:\/\/linitiative.ca\/International\/wp-json\/wp\/v2\/posts\/99402","targetHints":{"allow":["GET"]}}],"collection":[{"href":"https:\/\/linitiative.ca\/International\/wp-json\/wp\/v2\/posts"}],"about":[{"href":"https:\/\/linitiative.ca\/International\/wp-json\/wp\/v2\/types\/post"}],"author":[{"embeddable":true,"href":"https:\/\/linitiative.ca\/International\/wp-json\/wp\/v2\/users\/1789"}],"replies":[{"embeddable":true,"href":"https:\/\/linitiative.ca\/International\/wp-json\/wp\/v2\/comments?post=99402"}],"version-history":[{"count":0,"href":"https:\/\/linitiative.ca\/International\/wp-json\/wp\/v2\/posts\/99402\/revisions"}],"wp:attachment":[{"href":"https:\/\/linitiative.ca\/International\/wp-json\/wp\/v2\/media?parent=99402"}],"wp:term":[{"taxonomy":"category","embeddable":true,"href":"https:\/\/linitiative.ca\/International\/wp-json\/wp\/v2\/categories?post=99402"},{"taxonomy":"post_tag","embeddable":true,"href":"https:\/\/linitiative.ca\/International\/wp-json\/wp\/v2\/tags?post=99402"}],"curies":[{"name":"wp","href":"https:\/\/api.w.org\/{rel}","templated":true}]}}