{"id":99406,"date":"2020-09-20T15:10:33","date_gmt":"2020-09-20T19:10:33","guid":{"rendered":"https:\/\/linitiative.ca\/International\/scission-au-sein-du-parti-de-hama-amadou\/"},"modified":"2020-09-20T15:10:33","modified_gmt":"2020-09-20T19:10:33","slug":"scission-au-sein-du-parti-de-hama-amadou","status":"publish","type":"post","link":"https:\/\/linitiative.ca\/International\/scission-au-sein-du-parti-de-hama-amadou\/","title":{"rendered":"SCISSION AU SEIN DU PARTI DE HAMA AMADOU"},"content":{"rendered":"<div class=\"stream-item stream-item-above-post-content\">\n<p><noscript><\/p>\n<p><a href=\"\/\/www3.smartadserver.com\/ac?jump=1&amp;nwid=2136&amp;siteid=240610&amp;pgname=rg&amp;fmtid=49046&amp;visit=m&amp;tmstp=[timestamp]&amp;out=nonrich\" target=\"_blank\" rel=\"noopener noreferrer\"><img decoding=\"async\" src=\"http:\/\/www3.smartadserver.com\/ac?out=nonrich&amp;nwid=2136&amp;siteid=240610&amp;pgname=rg&amp;fmtid=49046&amp;visit=m&amp;tmstp=[timestamp]\" border=\"0\" alt=\"\"\/><\/a><\/p>\n<p><\/noscript><\/div>\n<p class=\"c3\"><em>La cacophonie a atteint son paroxysme le 19 septembre dernier au sein du Moden Fa Lumana de l\u2019opposant nig\u00e9rien Hama Amadou, avec l\u2019organisation simultan\u00e9e de deux congr\u00e8s par les deux tendances rivales du parti dans la capitale des Djermakoyes, \u00e0 Dosso. La tendance dite l\u00e9gitimiste a, \u00e0 l\u2019issue de son conclave tenu dans la salle de r\u00e9union du gouvernorat de la r\u00e9gion \u00e9ponyme, investi son candidat \u00e0 la prochaine \u00e9lection pr\u00e9sidentielle de d\u00e9cembre 2020, en la personne du fondateur du parti, Hama Amadou. L\u2019autre aile du parti qui s\u2019est r\u00e9unie \u00e0 l\u2019h\u00f4tel Toubal de la m\u00eame ville de Dosso, a choisi Oumarou Noma comme candidat, et a propuls\u00e9 ce dernier \u00e0 la t\u00eate de la formation politique en remplacement de Hama Amadou d\u00e9chu de ses droits civiques comme chacun le sait, apr\u00e8s sa condamnation \u00e0 un an de prison dans le dossier des b\u00e9b\u00e9s nig\u00e9rians. C\u2019est donc un pas de plus dans la dislocation du parti du cheval ail\u00e9 qui vient d\u2019\u00eatre franchi, et tout porte \u00e0 croire qu\u2019on assistera \u00e0 d\u2019autres \u00e9pisodes du feuilleton judiciaire qui oppose, depuis le 26 juillet 2019, les partisans du fondateur du parti, Hama Amadou, \u00e0 ceux de son int\u00e9rimaire, Oumarou Noma. A cette date en effet, le juge des r\u00e9f\u00e9r\u00e9s avait d\u00e9chu\u00a0 le premier de son droit d\u2019\u00e9ligibilit\u00e9 suite \u00e0 la requ\u00eate du second, et depuis lors, on assiste \u00e0 des querelles picrocholines entre les protagonistes de cette crise interne qui a atteint son summum le week-end dernier avec l\u2019investiture de deux candidats pour le compte du m\u00eame parti. Mais dans cette guerre de positionnement et de l\u00e9galit\u00e9, c\u2019est Hama Amadou qui va probablement y perdre des plumes, quand on sait qu\u2019il ne doit actuellement sa libert\u00e9 qu\u2019au coronavirus qui lui a permis de sortir de prison en mars dernier, suite \u00e0 une gr\u00e2ce pr\u00e9sidentielle de Mahamadou Issoufou dans le cadre global de la lutte contre la pand\u00e9mie.<\/em><\/p>\n<p class=\"c3\"><em>\u00a0<\/em><\/p>\n<p class=\"c4\"><strong><em>Il est tr\u00e8s peu probable que la surprise de mars 2016 se reproduise<\/em><\/strong><\/p>\n<p class=\"c3\"><em>\u00a0<\/em><\/p>\n<p class=\"c3\"><em>Rappelons que la gr\u00e2ce pr\u00e9sidentielle ne r\u00e9duit que la dur\u00e9e de la peine, et le s\u00e9jour de Hama Amadou \u00e0 la prison, entrecoup\u00e9 de deux \u00e9vacuations sanitaires en France, le disqualifie d\u2019office, aux termes du Code \u00e9lectoral nig\u00e9rien. Son rival, Oumarou Noma, lui, par contre, n\u2019a pas de soucis \u00e0 se faire, car rien que le 5 ao\u00fbt dernier, le tribunal de grande instance Hors classe de Niamey a d\u00e9bout\u00e9 le bureau politique national favorable au fondateur du parti, et l\u2019a confirm\u00e9 comme pr\u00e9sident int\u00e9rimaire. Maintenant qu\u2019il a pris les r\u00eanes du Moden Lumana au terme d\u2019un congr\u00e8s qu\u2019il est fond\u00e9 \u00e0 organiser, il ne restera plus \u00e0 ses contestataires qu\u2019\u00e0 poursuivre la saga judiciaire \u00e0 l\u2019issue incertaine, \u00e0 rentrer dans les rangs, \u00e0 cr\u00e9er un autre parti ou \u00e0 se fondre dans une formation politique d\u00e9j\u00e0 existante s\u2019ils veulent continuer \u00e0 esp\u00e9rer d\u2019\u00eatre candidats aux \u00e9lections g\u00e9n\u00e9rales de d\u00e9cembre 2020. Dans tous les cas, c\u2019est du pain b\u00e9ni pour le candidat du parti au pouvoir, Mohamed Bazoum, qui va, si les choses restent en l\u2019\u00e9tat, rouler sur du velours dans cette comp\u00e9tition o\u00f9 il aura \u00e0 affronter d\u2019autres\u00a0 candidats dont les chances de cons\u00e9cration sont quasiment nulles. N\u2019oublions pas en effet qu\u2019en plus du parti aujourd\u2019hui d\u00e9chir\u00e9 de Hama Amadou, l\u2019opposition nig\u00e9rienne compte en son sein une foultitude de formations politiques malheureusement anim\u00e9es par des hommes aux intestins fragiles et pr\u00eats \u00e0 faire de \u2018\u2019l\u2019\u00e0 plat ventrisme\u2019\u2019 juste pour tirer leurs marrons du feu. Dans ces conditions, il est tr\u00e8s peu probable que la surprise de mars 2016 se reproduise, notamment quand le candidat du Moden Lumana avait miraculeusement contraint le pr\u00e9sident Issoufou \u00e0 un second tour, alors qu\u2019il n\u2019avait m\u00eame pas pu battre campagne en raison de son incarc\u00e9ration \u00e0 la prison civile de Filingu\u00e9. Si tous les Nig\u00e9riens \u00e9pris de paix et d\u2019alternance ont salu\u00e9 la d\u00e9cision du pr\u00e9sident sortant de ne pas briguer un troisi\u00e8me mandat, ils auraient voulu avoir un bien meilleur sc\u00e9nario pour la prochaine pr\u00e9sidentielle, avec des candidats dignes de confiance et des programmes politiques susceptibles de ramener la paix sociale et la s\u00e9curit\u00e9 int\u00e9rieure,\u00a0 et booster le d\u00e9veloppement \u00e9conomique amorc\u00e9 par le Niger depuis l\u2019arriv\u00e9e de Mahamadou Issoufou au pouvoir en 2011. H\u00e9las, \u00e7a ne sera vraisemblablement pas pour cette fois-ci, et la seule chose qu\u2019on puisse demander aux \u00e9ventuels challengers de Mohamed Bazoum, est qu\u2019ils ne se comportent pas comme des l\u00e9preux politiques, incapables de se cr\u00e9er des conditions n\u00e9cessaires pour remporter le graal, mais prompts \u00e0 se donner les moyens pour fragiliser les institutions et rendre la situation du Niger encore plus incertaine qu\u2019elle ne l\u2019est aujourd\u2019hui.<\/em><\/p>\n<p class=\"c3\"><em>\u00a0<\/em><\/p>\n<p class=\"c4\"><strong><em>Hamadou Gadiaga<\/em><\/strong><\/p>\n<p class=\"c3\"><em>\u00a0<\/em><\/p>\n<p class=\"c3\"><em>\u00a0<\/em><\/p>\n<p>Auteur: Le Pays<br \/>\n<a href=\"http:\/\/lepays.bf\/scission-au-sein-du-parti-de-hama-amadou\/\">Cliquez ici pour lire l&rsquo;article depuis sa source.<\/a><\/p>\n","protected":false},"excerpt":{"rendered":"<p>La cacophonie a atteint son paroxysme le 19 septembre dernier au sein du Moden Fa Lumana de l\u2019opposant nig\u00e9rien Hama Amadou, avec l\u2019organisation simultan\u00e9e de deux congr\u00e8s par les deux tendances rivales du parti dans la capitale des Djermakoyes, \u00e0 Dosso. La tendance dite l\u00e9gitimiste a, \u00e0 l\u2019issue de son conclave tenu dans la salle [&hellip;]<\/p>\n","protected":false},"author":1813,"featured_media":0,"comment_status":"closed","ping_status":"closed","sticky":false,"template":"","format":"standard","meta":{"fifu_image_url":"","fifu_image_alt":"","footnotes":""},"categories":[73,81],"tags":[],"class_list":["post-99406","post","type-post","status-publish","format-standard","hentry","category-actualite","category-burkina-faso"],"_links":{"self":[{"href":"https:\/\/linitiative.ca\/International\/wp-json\/wp\/v2\/posts\/99406","targetHints":{"allow":["GET"]}}],"collection":[{"href":"https:\/\/linitiative.ca\/International\/wp-json\/wp\/v2\/posts"}],"about":[{"href":"https:\/\/linitiative.ca\/International\/wp-json\/wp\/v2\/types\/post"}],"author":[{"embeddable":true,"href":"https:\/\/linitiative.ca\/International\/wp-json\/wp\/v2\/users\/1813"}],"replies":[{"embeddable":true,"href":"https:\/\/linitiative.ca\/International\/wp-json\/wp\/v2\/comments?post=99406"}],"version-history":[{"count":0,"href":"https:\/\/linitiative.ca\/International\/wp-json\/wp\/v2\/posts\/99406\/revisions"}],"wp:attachment":[{"href":"https:\/\/linitiative.ca\/International\/wp-json\/wp\/v2\/media?parent=99406"}],"wp:term":[{"taxonomy":"category","embeddable":true,"href":"https:\/\/linitiative.ca\/International\/wp-json\/wp\/v2\/categories?post=99406"},{"taxonomy":"post_tag","embeddable":true,"href":"https:\/\/linitiative.ca\/International\/wp-json\/wp\/v2\/tags?post=99406"}],"curies":[{"name":"wp","href":"https:\/\/api.w.org\/{rel}","templated":true}]}}