{"id":99407,"date":"2020-09-20T15:27:13","date_gmt":"2020-09-20T19:27:13","guid":{"rendered":"https:\/\/linitiative.ca\/International\/designation-des-autorites-de-transition-au-mali\/"},"modified":"2020-09-20T15:27:13","modified_gmt":"2020-09-20T19:27:13","slug":"designation-des-autorites-de-transition-au-mali","status":"publish","type":"post","link":"https:\/\/linitiative.ca\/International\/designation-des-autorites-de-transition-au-mali\/","title":{"rendered":"DESIGNATION DES AUTORITES DE TRANSITION AU MALI"},"content":{"rendered":"<div class=\"stream-item stream-item-above-post-content\">\n<p><noscript><\/p>\n<p><a href=\"\/\/www3.smartadserver.com\/ac?jump=1&amp;nwid=2136&amp;siteid=240610&amp;pgname=rg&amp;fmtid=49046&amp;visit=m&amp;tmstp=[timestamp]&amp;out=nonrich\" target=\"_blank\" rel=\"noopener noreferrer\"><img decoding=\"async\" src=\"http:\/\/www3.smartadserver.com\/ac?out=nonrich&amp;nwid=2136&amp;siteid=240610&amp;pgname=rg&amp;fmtid=49046&amp;visit=m&amp;tmstp=[timestamp]\" border=\"0\" alt=\"\"\/><\/a><\/p>\n<p><\/noscript><\/div>\n<p class=\"c3\"><em>Les Maliens ont deux jours, pas plus, pour d\u00e9signer un pr\u00e9sident et un Premier ministre civils pour conduire une transition d\u2019un an. Sauront-ils trouver les oiseaux rares dans le temps imparti\u00a0? En tout cas, l\u2019ultimatum de la CEDEAO expire le mardi 22 septembre prochain. C\u2019est pourquoi les concertations entre la junte militaire qui a renvers\u00e9 le pr\u00e9sident Ibrahim Boubacar Keita et les acteurs de la classe politique, se m\u00e8nent tous azimuts. Mais jusqu\u2019au moment o\u00f9 nous tracions ces lignes, la fum\u00e9e blanche n\u2019\u00e9tait toujours pas sortie du conclave entre la junte et le M5, ce mouvement de contestation qui rejette la charte adopt\u00e9e le 12 septembre dernier. Et l\u2019on pourrait dire que ce n\u2019est pas \u00e9tonnant ce d\u2019autant que chacune des deux entit\u00e9s lorgne le fauteuil d\u2019IBK. Si le M5 semble louvoyer, la junte a clairement affirm\u00e9, le 16 septembre dernier, au cours d\u2019une conf\u00e9rence de presse, sa volont\u00e9 de diriger la transition politique. Le moins que l\u2019on puisse dire, c\u2019est que c\u2019est un secret de Polichinelle car, plus d\u2019un, au \u00a0Mali, savait que les tombeurs d\u2019IKB n\u2019\u00e9taient pas mus par une volont\u00e9 de balayer la maison et s\u2019en aller. Mais de quelle marge de man\u0153uvre disposent Assimi Go\u00efta et ses fr\u00e8res d\u2019armes pour parvenir \u00e0 leurs fins\u00a0? Peuvent-ils ramer \u00e0 contre-courant de la volont\u00e9 de la CEDEAO qui veut que la transition soit dirig\u00e9e par un civil? On en doute fort. D\u2019autant qu\u2019ils n\u2019ont plus l\u2019onction populaire dont ils se pr\u00e9valaient aux premi\u00e8res heures du putsch. Toujours est-il qu\u2019il est difficile de satisfaire la frange du peuple malien qui est favorable \u00e0 ce que la transition soit dirig\u00e9e par un militaire, et la CEDEAO dont les exigences sont claires et limpides comme de l\u2019eau de roche. D\u00e8s lors que la junte a \u00e9chou\u00e9 devant l\u2019h\u00f4te du sommet, le pr\u00e9sident ghan\u00e9en, Nana Akudo Addo et ses pairs, elle n\u2019avait plus son destin en main. En tout cas, c\u2019est peu dire qu\u2019elle n\u2019a pas l\u2019embarras du choix. Elle ne peut que se r\u00e9soudre, conform\u00e9ment aux orientations de la CEDEAO, \u00e0 rouvrir le d\u00e9bat avec les forces vives de la Nation. Et l\u00e0 aussi, il faut le dire, le pari est loin d\u2019\u00eatre gagn\u00e9 d\u2019avance. \u00ab\u00a0Pour quelle raison\u00a0?\u00a0\u00bb, pourrait-on se demander.<\/em><\/p>\n<p class=\"c3\"><em>\u00a0<\/em><\/p>\n<p class=\"c4\"><strong><em>Le compte \u00e0 rebours semble avoir commenc\u00e9 pour la junte<\/em><\/strong><\/p>\n<p class=\"c3\"><em>\u00a0<\/em><\/p>\n<p class=\"c3\"><em>La raison, bien \u00e9vidente, est que le M5, ragaillardi par cet \u00e9chec de la junte militaire \u00e0 faire adouber par la CEDEAO la Charte de la Transition dont il d\u00e9nonce le tripatouillage par les hommes en treillis, va indubitablement faire monter les ench\u00e8res, surtout qu\u2019il se pr\u00e9vaut de la l\u00e9gitimit\u00e9 d\u2019\u00eatre le v\u00e9ritable artisan de la chute de IBK. Sans nul doute, n\u2019h\u00e9sitera-t-il pas \u00e0 r\u00e9clamer de jouer les premiers r\u00f4les dans les organes de la Transition. Et m\u00eame dans ce cas, rien ne garantit d\u2019ailleurs que ce mouvement qui pr\u00e9sente d\u00e9j\u00e0 des lignes de fissure pourrait taire ses int\u00e9r\u00eats divergents dans le choix des personnalit\u00e9s pour conduire la Transition. En face du M5, les membres de l\u2019ancienne majorit\u00e9 qui, opportun\u00e9ment, sont aujourd\u2019hui les premiers soutiens de la junte, ne se laisseront sans doute pas faire, au motif qu\u2019ils disposent de la seule v\u00e9ritable l\u00e9gitimit\u00e9 d\u00e9mocratique, c\u2019est-\u00e0-dire celle issue des urnes. En tout \u00e9tat de cause donc, l\u2019on peut m\u00eame se risquer \u00e0 dire que si les Maliens ne prennent garde, c\u2019est cette Transition qui aiguise tous les app\u00e9tits, qui risque finalement de pr\u00e9cipiter le pays dans le gouffre. Et celui qui pourrait finalement bien se marrer de la situation serait finalement IBK qui aura fini par refiler la patate chaude d\u2019une nation divis\u00e9e \u00e0 ses tombeurs.\u00a0<\/em> <em>En attendant de voir donc la nouvelle feuille de route qui pourrait na\u00eetre de cette foire d\u2019empoignes et qui devra \u00eatre en conformit\u00e9 avec les directives de la CEDEAO qui reste bien droite dans ses bottes dans ses exigences d\u2019une transition civile, l\u2019on peut se risquer \u00e0 affirmer que le compte \u00e0 rebours semble avoir commenc\u00e9 pour la junte.\u00a0 Le temps que Assimi Go\u00efta et ses fr\u00e8res d\u2019armes avaient man\u0153uvr\u00e9 pour en faire un alli\u00e9, semble d\u00e9sormais contre eux. En effet, au fur et \u00e0 mesure que les jours passent, les sanctions de l\u2019organisation communautaire continuent d\u2019asphyxier l\u2019\u00e9conomie nationale et scient \u00e0 petits coups le souffle des populations qui pourraient bient\u00f4t, \u00e0 nouveau, se retrouver dans la rue. Et ce sera sans nul doute dans le m\u00eame format que les manifestations de rue instrumentalis\u00e9es pour soutenir la junte auxquelles l\u2019on assiste aujourd\u2019hui par moments.<\/em><\/p>\n<p class=\"c3\"><em>\u00a0<\/em><\/p>\n<p class=\"c4\"><em><strong>\u00ab\u00a0Le Pays\u00a0\u00bb<\/strong><\/em><\/p>\n<p class=\"c3\"><em>\u00a0<\/em><\/p>\n<p class=\"c3\"><em>\u00a0<\/em><\/p>\n<p class=\"c3\"><em>\u00a0<\/em><\/p>\n<p><strong>\u00a0<\/strong><\/p>\n<p>Auteur: Le Pays<br \/>\n<a href=\"http:\/\/lepays.bf\/designation-des-autorites-de-transition-au-mali\/\">Cliquez ici pour lire l&rsquo;article depuis sa source.<\/a><\/p>\n","protected":false},"excerpt":{"rendered":"<p>Les Maliens ont deux jours, pas plus, pour d\u00e9signer un pr\u00e9sident et un Premier ministre civils pour conduire une transition d\u2019un an. Sauront-ils trouver les oiseaux rares dans le temps imparti\u00a0? En tout cas, l\u2019ultimatum de la CEDEAO expire le mardi 22 septembre prochain. C\u2019est pourquoi les concertations entre la junte militaire qui a renvers\u00e9 [&hellip;]<\/p>\n","protected":false},"author":1813,"featured_media":0,"comment_status":"closed","ping_status":"closed","sticky":false,"template":"","format":"standard","meta":{"fifu_image_url":"","fifu_image_alt":"","footnotes":""},"categories":[73,81],"tags":[],"class_list":["post-99407","post","type-post","status-publish","format-standard","hentry","category-actualite","category-burkina-faso"],"_links":{"self":[{"href":"https:\/\/linitiative.ca\/International\/wp-json\/wp\/v2\/posts\/99407","targetHints":{"allow":["GET"]}}],"collection":[{"href":"https:\/\/linitiative.ca\/International\/wp-json\/wp\/v2\/posts"}],"about":[{"href":"https:\/\/linitiative.ca\/International\/wp-json\/wp\/v2\/types\/post"}],"author":[{"embeddable":true,"href":"https:\/\/linitiative.ca\/International\/wp-json\/wp\/v2\/users\/1813"}],"replies":[{"embeddable":true,"href":"https:\/\/linitiative.ca\/International\/wp-json\/wp\/v2\/comments?post=99407"}],"version-history":[{"count":0,"href":"https:\/\/linitiative.ca\/International\/wp-json\/wp\/v2\/posts\/99407\/revisions"}],"wp:attachment":[{"href":"https:\/\/linitiative.ca\/International\/wp-json\/wp\/v2\/media?parent=99407"}],"wp:term":[{"taxonomy":"category","embeddable":true,"href":"https:\/\/linitiative.ca\/International\/wp-json\/wp\/v2\/categories?post=99407"},{"taxonomy":"post_tag","embeddable":true,"href":"https:\/\/linitiative.ca\/International\/wp-json\/wp\/v2\/tags?post=99407"}],"curies":[{"name":"wp","href":"https:\/\/api.w.org\/{rel}","templated":true}]}}