{"id":99410,"date":"2020-09-20T16:40:25","date_gmt":"2020-09-20T20:40:25","guid":{"rendered":"https:\/\/linitiative.ca\/International\/a-nos-heros-du-quotidien\/"},"modified":"2020-09-20T16:40:25","modified_gmt":"2020-09-20T20:40:25","slug":"a-nos-heros-du-quotidien","status":"publish","type":"post","link":"https:\/\/linitiative.ca\/International\/a-nos-heros-du-quotidien\/","title":{"rendered":"A nos h\u00e9ros du quotidien"},"content":{"rendered":"<div class=\"td-post-featured-image\"><a href=\"https:\/\/www.sidwaya.info\/wp-content\/uploads\/2020\/09\/dgsid014.jpg\" data-caption=\"\"><img loading=\"lazy\" decoding=\"async\" width=\"418\" height=\"520\" class=\"entry-thumb td-modal-image\" src=\"https:\/\/www.sidwaya.info\/wp-content\/uploads\/2020\/09\/dgsid014.jpg\" srcset=\"https:\/\/www.sidwaya.info\/wp-content\/uploads\/2020\/09\/dgsid014.jpg 418w, https:\/\/www.sidwaya.info\/wp-content\/uploads\/2020\/09\/dgsid014-241x300.jpg 241w, https:\/\/www.sidwaya.info\/wp-content\/uploads\/2020\/09\/dgsid014-338x420.jpg 338w\" sizes=\"auto, (max-width: 418px) 100vw, 418px\" alt=\"\" title=\"dgsid014\"\/><\/a><\/div>\n<p>Depuis le d\u00e9but de l\u2019\u00e9pid\u00e9mie du coronavirus au Burkina Faso, l\u2019id\u00e9e a circul\u00e9 sur la toile ou dans certains milieux introduits. Elle a \u00e9t\u00e9 finalement act\u00e9e et prend progressivement corps. En attendant la date de l\u2019\u00e9v\u00e9nement, les autorit\u00e9s sanitaires nationales s\u2019appr\u00eatent \u00e0 rendre hommage aux agents de sant\u00e9 en premi\u00e8re ligne dans la lutte contre la COVID-19 au Burkina Faso. Cette reconnaissance de la nation concernera tous ceux qui se sont engag\u00e9s dans la bataille contre la pand\u00e9mie. Depuis l\u2019annonce du premier cas confirm\u00e9 de COVID-19 sous nos cieux, le 9 mars 2020, les agents de sant\u00e9 r\u00e9quisitionn\u00e9s ou non, sont sur la br\u00e8che, nuit et jour, pour contrer la maladie. Ils restent d\u2019ailleurs mobilis\u00e9s pour parer \u00e0 toute \u00e9ventualit\u00e9, si la courbe de la pand\u00e9mie venait \u00e0 remonter de fa\u00e7on inqui\u00e9tante. C\u2019est \u00e0 juste titre donc que le chef de l\u2019Etat, Roch Marc Christian Kabor\u00e9, a, au cours de ses deux adresses \u00e0 la nation, au sujet de la pand\u00e9mie, salu\u00e9 l\u2019abn\u00e9gation, le professionnalisme et le courage des personnels de sant\u00e9 dans la prise en charge des malades de la COVID-19. Aussi leur avait-il signifi\u00e9, au m\u00eame titre que les militaires et paramilitaires, \u00ab la reconnaissance de la nation pour les efforts et sacrifices consentis pour vaincre le coronavirus \u00bb.<\/p>\n<p>Au p\u00e9ril de leur vie, endurant la psychose, la fatigue, la stigmatisation et les mauvaises humeurs de certains patients ou accompagnants et malgr\u00e9 le manque de mat\u00e9riels ad\u00e9quats aux premi\u00e8res heures des prises en charge, les agents de sant\u00e9 ont fait montre de professionnalisme et de patriotisme. En effet, au cours de la Journ\u00e9e mondiale de la s\u00e9curit\u00e9 du patient, c\u00e9l\u00e9br\u00e9e le 17 septembre dernier sous le th\u00e8me \u00e9vocateur \u2018\u2019S\u00e9curit\u00e9 des agents de sant\u00e9\u2019\u2019, la ministre de la Sant\u00e9, Claudine Lougu\u00e9, a indiqu\u00e9 que 120 soignants ont \u00e9t\u00e9 contamin\u00e9s par le coronavirus \u00e0 la date du 10 septembre 2020. Presqu\u2019au m\u00eame moment, Amnesty international tirait la sonnette d\u2019alarme en r\u00e9v\u00e9lant le chiffre effarant de 7000 professionnels de sant\u00e9 ayant perdu la vie \u00e0 travers le monde dans la lutte contre la pand\u00e9mie. Ces \u00ab h\u00e9ros du quotidien \u00bb, chant\u00e9s par l\u2019artiste, se sont mobilis\u00e9s pour honorer en ch\u0153ur le serment d\u2019Hippocrate en assurant la continuit\u00e9 des services vitaux, chacun dans son domaine d\u2019intervention. Ce, au moment (mi-avril) o\u00f9 le Burkina Faso d\u00e9tenait le triste record du pays d\u2019Afrique de l\u2019Ouest le plus touch\u00e9 avant d\u2019\u00eatre largement distanc\u00e9, quelques semaines plus tard, par ses voisins. L\u2019engagement des professionnels de la sant\u00e9 aura beaucoup contribu\u00e9 au retour rapide \u00e0 une situation sous contr\u00f4le. Gr\u00e2ce \u00e0 leurs efforts et \u00e0 ceux de toutes les forces vives du pays, le Burkina est parvenu \u00e0 contenir ainsi la crise sanitaire.<\/p>\n<p>Ce qui a motiv\u00e9, en partie, l\u2019assouplissement progressif des mesures sans pr\u00e9c\u00e9dent \u00e9dict\u00e9es par le gouvernement (fermeture des \u00e9coles et autres lieux de grands rassemblements, couvre-feu nocturne, mise en quarantaine des villes touch\u00e9es, suspension des transports interurbains, fermeture des fronti\u00e8res\u2026). Mais le dernier rapport de situation sur la pand\u00e9mie r\u00e9v\u00e8le plut\u00f4t une persistance, voire des vell\u00e9it\u00e9s d\u2019un pr\u00e9visible rebond des contaminations face au rel\u00e2chement quasi g\u00e9n\u00e9ralis\u00e9 de l\u2019observance des mesures barri\u00e8res. Alors que la n\u00e9cessit\u00e9 d\u2019une veille continue n\u2019est plus \u00e0 d\u00e9montrer, la pand\u00e9mie \u00e9tant loin d\u2019\u00eatre termin\u00e9e. En d\u00e9cidant de louer le d\u00e9vouement des professionnels de sant\u00e9, le comit\u00e9 national de gestion de la pand\u00e9mie veut assur\u00e9ment entretenir la flamme de la mobilisation nationale face au d\u00e9fi sanitaire, ce qui est vital dans le contexte actuel.<\/p>\n<div class=\"td-a-rec td-a-rec-id-content_inline tdi_30_bdc td_block_template_1\"><img loading=\"lazy\" decoding=\"async\" class=\"aligncenter size-full wp-image-21314\" src=\"https:\/\/www.sidwaya.info\/wp-content\/uploads\/2020\/04\/Bandeau-Covid-19-Sidwaya-1.jpg\" alt=\"\" width=\"790\" height=\"98\"\/><\/div>\n<p class=\"c1\"><strong>Par Mahamadi TIEGNA<\/strong><br \/><strong>mahamaditiegna@yahoo.fr<\/strong><\/p>\n<div class=\"td-a-rec td-a-rec-id-content_bottom tdi_31_f57 td_block_template_1\"><img loading=\"lazy\" decoding=\"async\" class=\"aligncenter size-full wp-image-22415\" src=\"https:\/\/www.sidwaya.info\/wp-content\/uploads\/2020\/05\/Bandeau-paiement-mobile-site.png\" alt=\"\" width=\"728\" height=\"90\"\/><\/div>\n<p>Auteur: BM. Sidwaya<br \/>\n<a href=\"https:\/\/www.sidwaya.info\/blog\/2020\/09\/20\/a-nos-heros-du-quotidien\/\">Cliquez ici pour lire l&rsquo;article depuis sa source.<\/a><\/p>\n","protected":false},"excerpt":{"rendered":"<p>Depuis le d\u00e9but de l\u2019\u00e9pid\u00e9mie du coronavirus au Burkina Faso, l\u2019id\u00e9e a circul\u00e9 sur la toile ou dans certains milieux introduits. Elle a \u00e9t\u00e9 finalement act\u00e9e et prend progressivement corps. En attendant la date de l\u2019\u00e9v\u00e9nement, les autorit\u00e9s sanitaires nationales s\u2019appr\u00eatent \u00e0 rendre hommage aux agents de sant\u00e9 en premi\u00e8re ligne dans la lutte contre [&hellip;]<\/p>\n","protected":false},"author":1816,"featured_media":99411,"comment_status":"closed","ping_status":"closed","sticky":false,"template":"","format":"standard","meta":{"fifu_image_url":"","fifu_image_alt":"","footnotes":""},"categories":[73,81],"tags":[],"class_list":["post-99410","post","type-post","status-publish","format-standard","has-post-thumbnail","hentry","category-actualite","category-burkina-faso"],"_links":{"self":[{"href":"https:\/\/linitiative.ca\/International\/wp-json\/wp\/v2\/posts\/99410","targetHints":{"allow":["GET"]}}],"collection":[{"href":"https:\/\/linitiative.ca\/International\/wp-json\/wp\/v2\/posts"}],"about":[{"href":"https:\/\/linitiative.ca\/International\/wp-json\/wp\/v2\/types\/post"}],"author":[{"embeddable":true,"href":"https:\/\/linitiative.ca\/International\/wp-json\/wp\/v2\/users\/1816"}],"replies":[{"embeddable":true,"href":"https:\/\/linitiative.ca\/International\/wp-json\/wp\/v2\/comments?post=99410"}],"version-history":[{"count":0,"href":"https:\/\/linitiative.ca\/International\/wp-json\/wp\/v2\/posts\/99410\/revisions"}],"wp:featuredmedia":[{"embeddable":true,"href":"https:\/\/linitiative.ca\/International\/wp-json\/"}],"wp:attachment":[{"href":"https:\/\/linitiative.ca\/International\/wp-json\/wp\/v2\/media?parent=99410"}],"wp:term":[{"taxonomy":"category","embeddable":true,"href":"https:\/\/linitiative.ca\/International\/wp-json\/wp\/v2\/categories?post=99410"},{"taxonomy":"post_tag","embeddable":true,"href":"https:\/\/linitiative.ca\/International\/wp-json\/wp\/v2\/tags?post=99410"}],"curies":[{"name":"wp","href":"https:\/\/api.w.org\/{rel}","templated":true}]}}