{"id":99412,"date":"2020-09-20T16:44:09","date_gmt":"2020-09-20T20:44:09","guid":{"rendered":"https:\/\/linitiative.ca\/International\/riposte-contre-la-poliomyelite-environ-2-millions-denfants-a-vacciner\/"},"modified":"2020-09-20T16:44:09","modified_gmt":"2020-09-20T20:44:09","slug":"riposte-contre-la-poliomyelite-environ-2-millions-denfants-a-vacciner","status":"publish","type":"post","link":"https:\/\/linitiative.ca\/International\/riposte-contre-la-poliomyelite-environ-2-millions-denfants-a-vacciner\/","title":{"rendered":"Riposte contre la poliomy\u00e9lite  : environ 2 millions d\u2019enfants \u00e0 vacciner"},"content":{"rendered":"<div class=\"td-post-featured-image\"><a href=\"https:\/\/www.sidwaya.info\/wp-content\/uploads\/2020\/09\/1-46.jpg\" data-caption=\"\"><img loading=\"lazy\" decoding=\"async\" width=\"595\" height=\"446\" class=\"entry-thumb td-modal-image\" src=\"https:\/\/www.sidwaya.info\/wp-content\/uploads\/2020\/09\/1-46.jpg\" srcset=\"https:\/\/www.sidwaya.info\/wp-content\/uploads\/2020\/09\/1-46.jpg 595w, https:\/\/www.sidwaya.info\/wp-content\/uploads\/2020\/09\/1-46-300x225.jpg 300w, https:\/\/www.sidwaya.info\/wp-content\/uploads\/2020\/09\/1-46-560x420.jpg 560w, https:\/\/www.sidwaya.info\/wp-content\/uploads\/2020\/09\/1-46-80x60.jpg 80w, https:\/\/www.sidwaya.info\/wp-content\/uploads\/2020\/09\/1-46-265x198.jpg 265w\" sizes=\"auto, (max-width: 595px) 100vw, 595px\" alt=\"\" title=\"1\"\/><\/a><\/div>\n<p><strong>Le minist\u00e8re de la Sant\u00e9 a lanc\u00e9 officiellement, le vendredi 18 septembre 2020 au Centre de sant\u00e9 et de promotion sociale (CSPS) de Bissighin \u00e0 Ouagadougou, une campagne de vaccination contre la poliomy\u00e9lite dans sept r\u00e9gions du Burkina Faso.<\/strong><\/p>\n<p>Environ 2 millions d\u2019enfants recevront deux gouttes de vaccin contre la poliomy\u00e9lite durant quatre jours. Cette campagne de vaccination a \u00e9t\u00e9 officiellement lanc\u00e9e au Centre de sant\u00e9 et de promotion sociale (CSPS) de Bissighin \u00e0 Ouagadougou, le vendredi 18 septembre 2020, et ce, jusqu\u2019au 21 septembre prochain. Selon le Secr\u00e9taire g\u00e9n\u00e9ral (SG) du minist\u00e8re de la Sant\u00e9, Wilfried Ou\u00e9draogo, pour la pr\u00e9sente campagne ce sont des enfants de moins de cinq (05) ans qui sont cibl\u00e9s dans sept r\u00e9gions \u00e0 savoir le Centre, le Centre-Nord, le Plateau central, le Centre-Est, l\u2019Est, le Centre-Sud et le Centre-Ouest. Ce qui est certain, a-t-il signifi\u00e9, l\u2019\u00e9limination du polio virus sauvage est effective au Burkina Faso. Mais, a-t-il relev\u00e9, depuis janvier pass\u00e9, il a y eu une d\u00e9couverte de polio virus d\u00e9riv\u00e9 \u00e0 Ouargaye dans la r\u00e9gion du Centre-Est.<\/p>\n<p>\u00ab C\u2019est pourquoi, nous menons cette campagne de rattrapage pour s\u2019assurer que les enfants de 0 \u00e0 5 ans vont \u00eatre vaccin\u00e9s. Nous invitons les autorit\u00e9s politiques, coutumi\u00e8res et religieuses \u00e0 accompagner cette campagne pour que nous puissions toucher \u00e0 100% ces enfants. Nous invitons la population et particuli\u00e8rement les m\u00e8res \u00e0 accepter que les enfants aient les deux gouttes de vaccin durant cette campagne \u00bb, a-t-il dit. Il a, par ailleurs, salu\u00e9 le soutien des partenaires comme l\u2019Organisation mondiale de la sant\u00e9 (OMS). La repr\u00e9sentante-r\u00e9sidente de l\u2019OMS au Burkina Faso, Alimata Diarra\/Nama, a rassur\u00e9 le gouvernement burkinab\u00e8 de l\u2019accompagnement des partenaires dans la riposte contre la poliomy\u00e9lite. Pour elle, la vaccination, c\u2019est la mesure de sant\u00e9 publique la plus efficace pour pr\u00e9venir certaines maladies. Ce premier round de vaccination, a-t-elle pr\u00e9cis\u00e9, concerne 36 districts sanitaires.<\/p>\n<div class=\"td-a-rec td-a-rec-id-content_inline tdi_30_3c2 td_block_template_1\"><img loading=\"lazy\" decoding=\"async\" class=\"aligncenter size-full wp-image-21314\" src=\"https:\/\/www.sidwaya.info\/wp-content\/uploads\/2020\/04\/Bandeau-Covid-19-Sidwaya-1.jpg\" alt=\"\" width=\"790\" height=\"98\"\/><\/div>\n<p>Il y aura un deuxi\u00e8me round, a signal\u00e9 Mme Diarra, qui touchera 46 autres districts. Pour ces campagnes, a-t-elle mentionn\u00e9, les partenaires mobiliseront plus de deux milliards<br \/>F CFA. \u00ab Pour nous, les enfants sains constituent la porte de sortie du sous-d\u00e9veloppement \u00bb, a-t-elle justifi\u00e9. Selon le directeur de pr\u00e9vention par les vaccinations, Issa Ou\u00e9draogo, 2000 \u00e9quipes sont mobilis\u00e9es pour la pr\u00e9sente campagne. Ces agents de vaccination, a-t-il relev\u00e9, feront de porte en porte dans l\u2019ensemble des 36 districts pour s\u2019assurer de toucher tous les enfants cibl\u00e9s.<\/p>\n<p class=\"c1\"><strong>Kowoma Marc DOH<\/strong><br \/><strong>Fay\u00e7al GASSIMBE<\/strong><br \/><strong>(Stagiaire)<\/strong><\/p>\n<div class=\"td-a-rec td-a-rec-id-content_bottom tdi_31_244 td_block_template_1\"><img loading=\"lazy\" decoding=\"async\" class=\"aligncenter size-full wp-image-22415\" src=\"https:\/\/www.sidwaya.info\/wp-content\/uploads\/2020\/05\/Bandeau-paiement-mobile-site.png\" alt=\"\" width=\"728\" height=\"90\"\/><\/div>\n<p>Auteur: BM. Sidwaya<br \/>\n<a href=\"https:\/\/www.sidwaya.info\/blog\/2020\/09\/20\/riposte-contre-la-poliomyelite-environ-2-millions-denfants-a-vacciner\/\">Cliquez ici pour lire l&rsquo;article depuis sa source.<\/a><\/p>\n","protected":false},"excerpt":{"rendered":"<p>Le minist\u00e8re de la Sant\u00e9 a lanc\u00e9 officiellement, le vendredi 18 septembre 2020 au Centre de sant\u00e9 et de promotion sociale (CSPS) de Bissighin \u00e0 Ouagadougou, une campagne de vaccination contre la poliomy\u00e9lite dans sept r\u00e9gions du Burkina Faso. Environ 2 millions d\u2019enfants recevront deux gouttes de vaccin contre la poliomy\u00e9lite durant quatre jours. Cette [&hellip;]<\/p>\n","protected":false},"author":1816,"featured_media":99413,"comment_status":"closed","ping_status":"closed","sticky":false,"template":"","format":"standard","meta":{"fifu_image_url":"","fifu_image_alt":"","footnotes":""},"categories":[73,81],"tags":[],"class_list":["post-99412","post","type-post","status-publish","format-standard","has-post-thumbnail","hentry","category-actualite","category-burkina-faso"],"_links":{"self":[{"href":"https:\/\/linitiative.ca\/International\/wp-json\/wp\/v2\/posts\/99412","targetHints":{"allow":["GET"]}}],"collection":[{"href":"https:\/\/linitiative.ca\/International\/wp-json\/wp\/v2\/posts"}],"about":[{"href":"https:\/\/linitiative.ca\/International\/wp-json\/wp\/v2\/types\/post"}],"author":[{"embeddable":true,"href":"https:\/\/linitiative.ca\/International\/wp-json\/wp\/v2\/users\/1816"}],"replies":[{"embeddable":true,"href":"https:\/\/linitiative.ca\/International\/wp-json\/wp\/v2\/comments?post=99412"}],"version-history":[{"count":0,"href":"https:\/\/linitiative.ca\/International\/wp-json\/wp\/v2\/posts\/99412\/revisions"}],"wp:featuredmedia":[{"embeddable":true,"href":"https:\/\/linitiative.ca\/International\/wp-json\/"}],"wp:attachment":[{"href":"https:\/\/linitiative.ca\/International\/wp-json\/wp\/v2\/media?parent=99412"}],"wp:term":[{"taxonomy":"category","embeddable":true,"href":"https:\/\/linitiative.ca\/International\/wp-json\/wp\/v2\/categories?post=99412"},{"taxonomy":"post_tag","embeddable":true,"href":"https:\/\/linitiative.ca\/International\/wp-json\/wp\/v2\/tags?post=99412"}],"curies":[{"name":"wp","href":"https:\/\/api.w.org\/{rel}","templated":true}]}}