{"id":99418,"date":"2020-09-20T13:18:03","date_gmt":"2020-09-20T17:18:03","guid":{"rendered":"https:\/\/linitiative.ca\/International\/lancement-dun-fonds-daide-pour-1000-jeunes-et-femmes-dabidjan-port-bouet\/"},"modified":"2020-09-20T13:18:03","modified_gmt":"2020-09-20T17:18:03","slug":"lancement-dun-fonds-daide-pour-1000-jeunes-et-femmes-dabidjan-port-bouet","status":"publish","type":"post","link":"https:\/\/linitiative.ca\/International\/lancement-dun-fonds-daide-pour-1000-jeunes-et-femmes-dabidjan-port-bouet\/","title":{"rendered":"Lancement d\u2019un fonds d\u2019aide pour 1000 jeunes et femmes d\u2019Abidjan Port-Bou\u00ebt"},"content":{"rendered":"<div readability=\"32\">\n<p>Publi\u00e9 le 20.09.2020 \u00e0 18h18 par APA News<\/p>\n<\/div>\n<div readability=\"85\">\n<p>Un fonds d\u2019aide pour r\u00e9pondre \u00e0 la probl\u00e9matique de financement de projets de 1000 jeunes et femmes de Port-Bou\u00ebt a \u00e9t\u00e9 lanc\u00e9 dans cette commune situ\u00e9e dans le sud d\u2019Abidjan, la capitale \u00e9conomique ivoirienne, a appris APA dimanche de bonne source.D\u00e9nomm\u00e9 Fonds d\u2019aide Ciss\u00e9 pour la jeunesse et les femmes de Port-Bou\u00ebt (FACJEF), ce fonds, une initiative du ministre ivoirien du P\u00e9trole, de l\u2019\u00e9nergie et des \u00e9nergies renouvelables, Abdourahmane Ciss\u00e9 a \u00e9t\u00e9 lanc\u00e9, vendredi, au si\u00e8ge de la Fondation Abdourahmane Ciss\u00e9, au quartier Kremlin de cette commune, rapporte une note d\u2019information re\u00e7ue \u00e0 APA, dimanche.<\/p>\n<p>Fils de Port-Bou\u00ebt, M. Ciss\u00e9 explique que la cr\u00e9ation de ce fonds est partie du constat selon lequel, lors de ses diff\u00e9rents \u00e9changes avec les populations (jeunes et femmes), celles-ci lui ont fait part du manque d\u2019emploi et de financement de projets.<\/p>\n<p>\u00ab J\u2019ai pos\u00e9 des actes au niveau de l\u2019emploi en m\u2019appuyant sur les CV des personnes les plus m\u00e9ritantes. Mais cela ne peut pas suffire. Raison pour laquelle je lance ce fonds pour aider 1000 jeunes et femmes de Port-Bou\u00ebt \u00e0 se prendre en charge. C\u2019est un fonds apolitique qui doit permettre d\u2019aider ceux qui ont des projets porteurs, des projets cr\u00e9dibles mais qui manquent de financement \u00bb, a-t-il expliqu\u00e9.<\/p>\n<p>\u00a0Selon lui, le FACJEF qui sera compl\u00e9mentaire des autres fonds d\u00e9j\u00e0 existants, est un financement \u00e0 taux d\u2019int\u00e9r\u00eat de 0%. Cependant a-t-il pr\u00e9cis\u00e9, \u00abvous devez rembourser sur une certaine p\u00e9riode ce que vous avez obtenu, afin que d\u2019autres personnes puissent b\u00e9n\u00e9ficier \u00e9galement de financement\u00bb.<\/p>\n<p>Ce fonds dot\u00e9 de plusieurs dizaines de millions de FCFA fait partie des activit\u00e9s de la Fondation Abdourahmane Ciss\u00e9 (FAC) et sera g\u00e9r\u00e9 par des jeunes de Port-Bou\u00ebt, avec comme coordonnateur g\u00e9n\u00e9ral, Lassana Coulibaly.<\/p>\n<p>\u00ab Vous pouvez vous mettre en association, en groupe ou individuellement pour vos demandes de financement. \u00bb, a ajout\u00e9 Abdourahmane Ciss\u00e9, indiquant que les personnes b\u00e9n\u00e9ficiaires de ce fonds seront outill\u00e9es, \u00e0 travers une formation, \u00e0 l\u2019effet de les aider \u00e0 mieux g\u00e9rer leur financement et \u00e9viter qu\u2019elles confondent b\u00e9n\u00e9fice et chiffre d\u2019affaires.<\/p>\n<\/div>\n<p>Auteur: APA News<br \/>\n<a href=\"https:\/\/www.journalducameroun.com\/lancement-dun-fonds-daide-pour-1000-jeunes-et-femmes-dabidjan-port-bouet\/\">Cliquez ici pour lire l&rsquo;article depuis sa source.<\/a><\/p>\n","protected":false},"excerpt":{"rendered":"<p>Publi\u00e9 le 20.09.2020 \u00e0 18h18 par APA News Un fonds d\u2019aide pour r\u00e9pondre \u00e0 la probl\u00e9matique de financement de projets de 1000 jeunes et femmes de Port-Bou\u00ebt a \u00e9t\u00e9 lanc\u00e9 dans cette commune situ\u00e9e dans le sud d\u2019Abidjan, la capitale \u00e9conomique ivoirienne, a appris APA dimanche de bonne source.D\u00e9nomm\u00e9 Fonds d\u2019aide Ciss\u00e9 pour la jeunesse [&hellip;]<\/p>\n","protected":false},"author":1965,"featured_media":0,"comment_status":"closed","ping_status":"closed","sticky":false,"template":"","format":"standard","meta":{"fifu_image_url":"","fifu_image_alt":"","footnotes":""},"categories":[73,82],"tags":[],"class_list":["post-99418","post","type-post","status-publish","format-standard","hentry","category-actualite","category-cameroun"],"_links":{"self":[{"href":"https:\/\/linitiative.ca\/International\/wp-json\/wp\/v2\/posts\/99418","targetHints":{"allow":["GET"]}}],"collection":[{"href":"https:\/\/linitiative.ca\/International\/wp-json\/wp\/v2\/posts"}],"about":[{"href":"https:\/\/linitiative.ca\/International\/wp-json\/wp\/v2\/types\/post"}],"author":[{"embeddable":true,"href":"https:\/\/linitiative.ca\/International\/wp-json\/wp\/v2\/users\/1965"}],"replies":[{"embeddable":true,"href":"https:\/\/linitiative.ca\/International\/wp-json\/wp\/v2\/comments?post=99418"}],"version-history":[{"count":0,"href":"https:\/\/linitiative.ca\/International\/wp-json\/wp\/v2\/posts\/99418\/revisions"}],"wp:attachment":[{"href":"https:\/\/linitiative.ca\/International\/wp-json\/wp\/v2\/media?parent=99418"}],"wp:term":[{"taxonomy":"category","embeddable":true,"href":"https:\/\/linitiative.ca\/International\/wp-json\/wp\/v2\/categories?post=99418"},{"taxonomy":"post_tag","embeddable":true,"href":"https:\/\/linitiative.ca\/International\/wp-json\/wp\/v2\/tags?post=99418"}],"curies":[{"name":"wp","href":"https:\/\/api.w.org\/{rel}","templated":true}]}}