{"id":99419,"date":"2020-09-20T13:18:08","date_gmt":"2020-09-20T17:18:08","guid":{"rendered":"https:\/\/linitiative.ca\/International\/cote-divoire-mamadou-soro-reelu-sg-de-la-centrale-syndicale-humanisme-pour-6-ans\/"},"modified":"2020-09-20T13:18:08","modified_gmt":"2020-09-20T17:18:08","slug":"cote-divoire-mamadou-soro-reelu-sg-de-la-centrale-syndicale-humanisme-pour-6-ans","status":"publish","type":"post","link":"https:\/\/linitiative.ca\/International\/cote-divoire-mamadou-soro-reelu-sg-de-la-centrale-syndicale-humanisme-pour-6-ans\/","title":{"rendered":"C\u00f4te d\u2019Ivoire: Mamadou Soro r\u00e9\u00e9lu SG de la Centrale Syndicale Humanisme pour 6 ans"},"content":{"rendered":"<div readability=\"32\">\n<p>Publi\u00e9 le 20.09.2020 \u00e0 18h18 par APA News<\/p>\n<\/div>\n<div readability=\"46\">\n<p>Mamadou Soro, le secr\u00e9taire g\u00e9n\u00e9ral de la Centrale Syndicale Humanisme (CSH) a \u00e9t\u00e9 reconduit \u00e0 ce poste pour un nouveau mandat de six ans \u00e0 l\u2019issue du premier congr\u00e8s ordinaire de cette organisation syndicale qui s\u2019est achev\u00e9 samedi \u00e0 Abidjan.Ces assises qui ont adopt\u00e9 le plan strat\u00e9gique de d\u00e9veloppement 2020-2030 de la CSH, \u00a0ont \u00e9t\u00e9 \u00e9galement marqu\u00e9es par le renouvellement du bureau du Conseil syndical et le Commissariat aux comptes de cette organisation.\u00a0<\/p>\n<p>Ce plan de d\u00e9veloppement strat\u00e9gique de la CSH, l\u2019une des principales organisations des travailleurs ivoiriens, se d\u00e9cline en quatre axes majeurs.<\/p>\n<p>Il s\u2019agit notamment de l\u2019intensification des activit\u00e9s de la centrale afin d\u2019offrir plus de prestations aux travailleurs de C\u00f4te d\u2019Ivoire et du d\u00e9veloppement institutionnel et organisationnel pour une bonne gouvernance de la CSH.<\/p>\n<\/div>\n<p>Auteur: APA News<br \/>\n<a href=\"https:\/\/www.journalducameroun.com\/cote-divoire-mamadou-soro-reelu-sg-de-la-centrale-syndicale-humanisme-pour-6-ans\/\">Cliquez ici pour lire l&rsquo;article depuis sa source.<\/a><\/p>\n","protected":false},"excerpt":{"rendered":"<p>Publi\u00e9 le 20.09.2020 \u00e0 18h18 par APA News Mamadou Soro, le secr\u00e9taire g\u00e9n\u00e9ral de la Centrale Syndicale Humanisme (CSH) a \u00e9t\u00e9 reconduit \u00e0 ce poste pour un nouveau mandat de six ans \u00e0 l\u2019issue du premier congr\u00e8s ordinaire de cette organisation syndicale qui s\u2019est achev\u00e9 samedi \u00e0 Abidjan.Ces assises qui ont adopt\u00e9 le plan strat\u00e9gique [&hellip;]<\/p>\n","protected":false},"author":1965,"featured_media":0,"comment_status":"closed","ping_status":"closed","sticky":false,"template":"","format":"standard","meta":{"fifu_image_url":"","fifu_image_alt":"","footnotes":""},"categories":[73,82],"tags":[],"class_list":["post-99419","post","type-post","status-publish","format-standard","hentry","category-actualite","category-cameroun"],"_links":{"self":[{"href":"https:\/\/linitiative.ca\/International\/wp-json\/wp\/v2\/posts\/99419","targetHints":{"allow":["GET"]}}],"collection":[{"href":"https:\/\/linitiative.ca\/International\/wp-json\/wp\/v2\/posts"}],"about":[{"href":"https:\/\/linitiative.ca\/International\/wp-json\/wp\/v2\/types\/post"}],"author":[{"embeddable":true,"href":"https:\/\/linitiative.ca\/International\/wp-json\/wp\/v2\/users\/1965"}],"replies":[{"embeddable":true,"href":"https:\/\/linitiative.ca\/International\/wp-json\/wp\/v2\/comments?post=99419"}],"version-history":[{"count":0,"href":"https:\/\/linitiative.ca\/International\/wp-json\/wp\/v2\/posts\/99419\/revisions"}],"wp:attachment":[{"href":"https:\/\/linitiative.ca\/International\/wp-json\/wp\/v2\/media?parent=99419"}],"wp:term":[{"taxonomy":"category","embeddable":true,"href":"https:\/\/linitiative.ca\/International\/wp-json\/wp\/v2\/categories?post=99419"},{"taxonomy":"post_tag","embeddable":true,"href":"https:\/\/linitiative.ca\/International\/wp-json\/wp\/v2\/tags?post=99419"}],"curies":[{"name":"wp","href":"https:\/\/api.w.org\/{rel}","templated":true}]}}