{"id":99420,"date":"2020-09-20T15:18:02","date_gmt":"2020-09-20T19:18:02","guid":{"rendered":"https:\/\/linitiative.ca\/International\/affaire-3e-mandat-bedie-appelle-a-la-desobeissance-civile-face-a-la-forfaiture\/"},"modified":"2020-09-20T15:18:02","modified_gmt":"2020-09-20T19:18:02","slug":"affaire-3e-mandat-bedie-appelle-a-la-desobeissance-civile-face-a-la-forfaiture","status":"publish","type":"post","link":"https:\/\/linitiative.ca\/International\/affaire-3e-mandat-bedie-appelle-a-la-desobeissance-civile-face-a-la-forfaiture\/","title":{"rendered":"Affaire \u00ab3e mandat \u00bb : B\u00e9di\u00e9 appelle \u00e0 la \u00abd\u00e9sob\u00e9issance civile\u00bb face \u00e0 la \u00abforfaiture \u00bb"},"content":{"rendered":"<div readability=\"32\">\n<p>Publi\u00e9 le 20.09.2020 \u00e0 20h18 par APA News<\/p>\n<\/div>\n<div readability=\"79\">\n<p>Le pr\u00e9sident du Parti d\u00e9mocratique de C\u00f4te d\u2019Ivoire (Pdci, ex-alli\u00e9 au pouvoir), Henri Konan B\u00e9di\u00e9, a appel\u00e9 dimanche \u00e0 la \u00abd\u00e9sob\u00e9issance civile \u00bb face \u00e0 la \u00abforfaiture \u00bb dans l\u2019affaire de \u00ab3e mandat\u00bb pr\u00e9sidentiel, jugeant la candidature de Alassane Ouattara \u00abd\u2019anticonstitutionnelle \u00bb.\u00ab Face \u00e0 la forfaiture, un seul mot d\u2019ordre, la d\u00e9sob\u00e9issance civile \u00bb, a d\u00e9clar\u00e9 M. Henri Konan B\u00e9di\u00e9, dans un discours, lors d\u2019une rencontre de plateformes et partis de l\u2019opposition au si\u00e8ge du Pdci \u00e0 Cocody, dans l\u2019Est d\u2019Abidjan.<\/p>\n<p>Il a d\u00e9plor\u00e9 que \u00ab le 14 septembre 2020, le Conseil constitutionnel avec la complicit\u00e9 de la Commission \u00e9lectorale dite ind\u00e9pendante \u00bb ai \u00abinvalid\u00e9 les dossiers de plusieurs candidats \u00e0 l\u2019\u00e9lection pr\u00e9sidentielle du 31 octobre 2020 sur la base de fallacieux arguments (\u2026) et dans le m\u00eame temps autoris\u00e9 la candidature anticonstitutionnelle de Alassane Ouattara \u00bb.<\/p>\n<p>\u00ab Cette forfaiture ne saurait \u00eatre tol\u00e9r\u00e9e par le peuple souverain de C\u00f4te d\u2019Ivoire \u00bb, a dit M. B\u00e9di\u00e9, ajoutant \u00abnous sommes ici ce jour, partis politiques, plateformes politiques, organisations syndicales et soci\u00e9t\u00e9 civile pour exprimer notre farouche opposition \u00e0 cette violation de la loi fondamentale \u00bb.<\/p>\n<p>Selon M. B\u00e9di\u00e9 cette candidature de M. Ouattara \u00a0\u00ab constitue le troisi\u00e8me mandat anticonstitutionnel \u00bb. Il s\u2019agit d\u2019une \u00abviolation de la Constitution ivoirienne par le pr\u00e9sident sortant en briguent un troisi\u00e8me mandat \u00e0 l\u2019\u00e9lection du 31 octobre 2020 \u00bb.<\/p>\n<p>Pr\u00e9sent \u00e0 cette rencontre, Albert Toikeusse Mabri, pr\u00e9sident de l\u2019Udpci (opposition) a annonc\u00e9 que sa plateforme Arc-en-ciel s\u2019associe aux autres partis de l\u2019opposition pour \u00abdire non \u00e0 cette C\u00f4te d\u2019Ivoire d\u00e9figur\u00e9e \u00bb et \u00abdire non \u00e0 l\u2019ab\u00eeme \u00bb qui guette le pays.<\/p>\n<p>Plusieurs leaders de l\u2019opposition politique \u00e9taient pr\u00e9sents \u00e0 cette rencontre autour de M. B\u00e9di\u00e9, ex-pr\u00e9sident ivoirien. L\u2019on pouvait noter la pr\u00e9sence de Mamadou Koulibaly, fondateur de Lider, et de Assoa Adou, un cadre du Parti de Laurent Gbagbo.<\/p>\n<\/div>\n<p>Auteur: APA News<br \/>\n<a href=\"https:\/\/www.journalducameroun.com\/affaire-3e-mandat-bedie-appelle-a-la-desobeissance-civile-face-a-la-forfaiture\/\">Cliquez ici pour lire l&rsquo;article depuis sa source.<\/a><\/p>\n","protected":false},"excerpt":{"rendered":"<p>Publi\u00e9 le 20.09.2020 \u00e0 20h18 par APA News Le pr\u00e9sident du Parti d\u00e9mocratique de C\u00f4te d\u2019Ivoire (Pdci, ex-alli\u00e9 au pouvoir), Henri Konan B\u00e9di\u00e9, a appel\u00e9 dimanche \u00e0 la \u00abd\u00e9sob\u00e9issance civile \u00bb face \u00e0 la \u00abforfaiture \u00bb dans l\u2019affaire de \u00ab3e mandat\u00bb pr\u00e9sidentiel, jugeant la candidature de Alassane Ouattara \u00abd\u2019anticonstitutionnelle \u00bb.\u00ab Face \u00e0 la forfaiture, un [&hellip;]<\/p>\n","protected":false},"author":1965,"featured_media":0,"comment_status":"closed","ping_status":"closed","sticky":false,"template":"","format":"standard","meta":{"fifu_image_url":"","fifu_image_alt":"","footnotes":""},"categories":[73,82],"tags":[],"class_list":["post-99420","post","type-post","status-publish","format-standard","hentry","category-actualite","category-cameroun"],"_links":{"self":[{"href":"https:\/\/linitiative.ca\/International\/wp-json\/wp\/v2\/posts\/99420","targetHints":{"allow":["GET"]}}],"collection":[{"href":"https:\/\/linitiative.ca\/International\/wp-json\/wp\/v2\/posts"}],"about":[{"href":"https:\/\/linitiative.ca\/International\/wp-json\/wp\/v2\/types\/post"}],"author":[{"embeddable":true,"href":"https:\/\/linitiative.ca\/International\/wp-json\/wp\/v2\/users\/1965"}],"replies":[{"embeddable":true,"href":"https:\/\/linitiative.ca\/International\/wp-json\/wp\/v2\/comments?post=99420"}],"version-history":[{"count":0,"href":"https:\/\/linitiative.ca\/International\/wp-json\/wp\/v2\/posts\/99420\/revisions"}],"wp:attachment":[{"href":"https:\/\/linitiative.ca\/International\/wp-json\/wp\/v2\/media?parent=99420"}],"wp:term":[{"taxonomy":"category","embeddable":true,"href":"https:\/\/linitiative.ca\/International\/wp-json\/wp\/v2\/categories?post=99420"},{"taxonomy":"post_tag","embeddable":true,"href":"https:\/\/linitiative.ca\/International\/wp-json\/wp\/v2\/tags?post=99420"}],"curies":[{"name":"wp","href":"https:\/\/api.w.org\/{rel}","templated":true}]}}