{"id":99423,"date":"2020-09-21T18:32:07","date_gmt":"2020-09-21T22:32:07","guid":{"rendered":"https:\/\/linitiative.ca\/International\/le-premier-ministre-presente-ses-condoleances-a-la-famille-du-defunt-hamdi-bennani\/"},"modified":"2020-09-21T18:32:07","modified_gmt":"2020-09-21T22:32:07","slug":"le-premier-ministre-presente-ses-condoleances-a-la-famille-du-defunt-hamdi-bennani","status":"publish","type":"post","link":"https:\/\/linitiative.ca\/International\/le-premier-ministre-presente-ses-condoleances-a-la-famille-du-defunt-hamdi-bennani\/","title":{"rendered":"Le Premier ministre pr\u00e9sente ses condol\u00e9ances \u00e0 la famille du d\u00e9funt Hamdi Bennani"},"content":{"rendered":"<p><span class=\"sp-nh-title\">Lutte contre l\u2019imigration clandestine: 485 personnes sauv\u00e9es dans les eaux territoriales alg\u00e9riennes<\/span> &#8211; <span class=\"sp-nh-date\">lundi 21 septembre 2020 19:54<\/span><\/p>\n<p><span class=\"sp-nh-title\">Boumzar: am\u00e9liorer l&rsquo;accompagnement des jeunes et faciliter l&rsquo;investissement dans les TIC<\/span> &#8211; <span class=\"sp-nh-date\">lundi 21 septembre 2020 19:51<\/span><\/p>\n<p><span class=\"sp-nh-title\">Tizi-Ouzou : L\u2019implication du tissu associatif dans la gestion des affaires publiques soulign\u00e9e<\/span> &#8211; <span class=\"sp-nh-date\">lundi 21 septembre 2020 19:41<\/span><\/p>\n<p><span class=\"sp-nh-title\">La soci\u00e9t\u00e9 civile devenue un partenaire essentiel et permanent dans le d\u00e9veloppement local<\/span> &#8211; <span class=\"sp-nh-date\">lundi 21 septembre 2020 19:39<\/span><\/p>\n<p><span class=\"sp-nh-title\">La constitutionnalisation du r\u00f4le de la soci\u00e9t\u00e9 civile, un appui solide au mouvement associatif<\/span> &#8211; <span class=\"sp-nh-date\">lundi 21 septembre 2020 19:34<\/span><\/p>\n<p><span class=\"sp-nh-title\">Lancement d\u00e9but octobre d&rsquo;une op\u00e9ration d&rsquo;identification du cheptel dans deux wilayas<\/span> &#8211; <span class=\"sp-nh-date\">lundi 21 septembre 2020 19:30<\/span><\/p>\n<p><span class=\"sp-nh-title\">Constitution : l&rsquo;ANIE annonce le report de l&rsquo;activit\u00e9 de pr\u00e9sentation des pr\u00e9paratifs<\/span> &#8211; <span class=\"sp-nh-date\">lundi 21 septembre 2020 19:19<\/span><\/p>\n<p><span class=\"sp-nh-title\">Commerce: pr\u00e9paratifs pour l\u2019exportation de produits locaux<\/span> &#8211; <span class=\"sp-nh-date\">lundi 21 septembre 2020 18:46<\/span><\/p>\n<p><span class=\"sp-nh-title\">La chaine fran\u00e7aise M6 d\u00e9sormais interdite d&rsquo;op\u00e9rer en Alg\u00e9rie<\/span> &#8211; <span class=\"sp-nh-date\">lundi 21 septembre 2020 18:42<\/span><\/p>\n<p><span class=\"sp-nh-title\">Une convention pour le d\u00e9veloppement des activit\u00e9s d&rsquo;alphab\u00e9tisation par la formation<\/span> &#8211; <span class=\"sp-nh-date\">lundi 21 septembre 2020 18:33<\/span><\/p>\n<p><span class=\"sp-nh-title\">Hamdi Bennani, un des meilleurs ambassadeurs de la chanson Malouf s&rsquo;en va<\/span> &#8211; <span class=\"sp-nh-date\">lundi 21 septembre 2020 18:28<\/span><\/p>\n<p><span class=\"sp-nh-title\">Mines: la production nationale d&rsquo;or ne d\u00e9passera pas 58 kg en 2020<\/span> &#8211; <span class=\"sp-nh-date\">lundi 21 septembre 2020 18:11<\/span><\/p>\n<p><span class=\"sp-nh-title\">Constantine : attribution prochaine de 100 aides financi\u00e8res \u00e0 l\u2019habitat rural dans la localit\u00e9 d\u2019El Djedour<\/span> &#8211; <span class=\"sp-nh-date\">lundi 21 septembre 2020 18:08<\/span><\/p>\n<p><span class=\"sp-nh-title\">Mali: le m\u00e9diateur de la C\u00e9d\u00e9ao en visite \u00e0 Bamako ce mercredi<\/span> &#8211; <span class=\"sp-nh-date\">lundi 21 septembre 2020 17:45<\/span><\/p>\n<p><span class=\"sp-nh-title\">L&rsquo;Observatoire de la soci\u00e9t\u00e9 civile, une valeur ajout\u00e9e pour l\u2019activit\u00e9 associative<\/span> &#8211; <span class=\"sp-nh-date\">lundi 21 septembre 2020 17:11<\/span><\/p>\n<p><span class=\"sp-nh-title\">Coronavirus: 197 nouveaux cas, 133 gu\u00e9risons et 7 d\u00e9c\u00e8s<\/span> &#8211; <span class=\"sp-nh-date\">lundi 21 septembre 2020 17:10<\/span><\/p>\n<p><span class=\"sp-nh-title\">Ouargla: Arak d\u2019Arak premi\u00e8re exp\u00e9rience cin\u00e9matographique valorisant la culture et le patrimoine local<\/span> &#8211; <span class=\"sp-nh-date\">lundi 21 septembre 2020 17:02<\/span><\/p>\n<p><span class=\"sp-nh-title\">Mohamed Bourouissa remporte le prix de la Deutsche Boerse Photography Foundatio<\/span> &#8211; <span class=\"sp-nh-date\">lundi 21 septembre 2020 16:32<\/span><\/p>\n<p><span class=\"sp-nh-title\">APN: quatre projets de loi soumis aux commissions sp\u00e9cialis\u00e9es pour examen<\/span> &#8211; <span class=\"sp-nh-date\">lundi 21 septembre 2020 16:01<\/span><\/p>\n<p><span class=\"sp-nh-title\">Le Premier ministre pr\u00e9sente ses condol\u00e9ances \u00e0 la famille du d\u00e9funt Hamdi Bennani<\/span> &#8211; <span class=\"sp-nh-date\">lundi 21 septembre 2020 16:00<\/span><\/p>\n<p>Auteur:<br \/>\n<a href=\"http:\/\/www.aps.dz\/culture\/109968-le-premier-ministre-presente-ses-condoleances-a-la-famille-du-defunt-hamdi-bennani\">Cliquez ici pour lire l&rsquo;article depuis sa source.<\/a><\/p>\n","protected":false},"excerpt":{"rendered":"<p>Lutte contre l\u2019imigration clandestine: 485 personnes sauv\u00e9es dans les eaux territoriales alg\u00e9riennes &#8211; lundi 21 septembre 2020 19:54 Boumzar: am\u00e9liorer l&rsquo;accompagnement des jeunes et faciliter l&rsquo;investissement dans les TIC &#8211; lundi 21 septembre 2020 19:51 Tizi-Ouzou : L\u2019implication du tissu associatif dans la gestion des affaires publiques soulign\u00e9e &#8211; lundi 21 septembre 2020 19:41 La [&hellip;]<\/p>\n","protected":false},"author":1790,"featured_media":0,"comment_status":"closed","ping_status":"closed","sticky":false,"template":"","format":"standard","meta":{"fifu_image_url":"","fifu_image_alt":"","footnotes":""},"categories":[53,79],"tags":[],"class_list":["post-99423","post","type-post","status-publish","format-standard","hentry","category-algerie","category-culture"],"_links":{"self":[{"href":"https:\/\/linitiative.ca\/International\/wp-json\/wp\/v2\/posts\/99423","targetHints":{"allow":["GET"]}}],"collection":[{"href":"https:\/\/linitiative.ca\/International\/wp-json\/wp\/v2\/posts"}],"about":[{"href":"https:\/\/linitiative.ca\/International\/wp-json\/wp\/v2\/types\/post"}],"author":[{"embeddable":true,"href":"https:\/\/linitiative.ca\/International\/wp-json\/wp\/v2\/users\/1790"}],"replies":[{"embeddable":true,"href":"https:\/\/linitiative.ca\/International\/wp-json\/wp\/v2\/comments?post=99423"}],"version-history":[{"count":0,"href":"https:\/\/linitiative.ca\/International\/wp-json\/wp\/v2\/posts\/99423\/revisions"}],"wp:attachment":[{"href":"https:\/\/linitiative.ca\/International\/wp-json\/wp\/v2\/media?parent=99423"}],"wp:term":[{"taxonomy":"category","embeddable":true,"href":"https:\/\/linitiative.ca\/International\/wp-json\/wp\/v2\/categories?post=99423"},{"taxonomy":"post_tag","embeddable":true,"href":"https:\/\/linitiative.ca\/International\/wp-json\/wp\/v2\/tags?post=99423"}],"curies":[{"name":"wp","href":"https:\/\/api.w.org\/{rel}","templated":true}]}}